{"id":1781,"date":"2024-04-09T15:44:01","date_gmt":"2024-04-09T13:44:01","guid":{"rendered":"https:\/\/villeurbanne-insoumise-ensemble.fr\/?p=1781"},"modified":"2024-04-09T15:44:02","modified_gmt":"2024-04-09T13:44:02","slug":"plus-de-flux-videos-cest-ouvrir-la-porte-a-un-projet-de-controle","status":"publish","type":"post","link":"https:\/\/villeurbanne-insoumise-ensemble.fr\/?p=1781","title":{"rendered":"Plus de flux vid\u00e9os, c&#8217;est ouvrir la porte \u00e0 un projet de contr\u00f4le !"},"content":{"rendered":"\n<p><em>Par Ga\u00ebtan CONSTANT<\/em><\/p>\n\n\n\n<figure class=\"wp-block-embed is-type-video is-provider-youtube wp-block-embed-youtube wp-embed-aspect-16-9 wp-has-aspect-ratio\"><div class=\"wp-block-embed__wrapper\">\n<iframe loading=\"lazy\" title=\"Ga\u00ebtan CONSTANT - Plus de flux vid\u00e9o, c\u2019est ouvrir la porte \u00e0 un projet de contr\u00f4le !\" width=\"640\" height=\"360\" src=\"https:\/\/www.youtube.com\/embed\/EGMWEY3xxWk?feature=oembed\" frameborder=\"0\" allow=\"accelerometer; autoplay; clipboard-write; encrypted-media; gyroscope; picture-in-picture; web-share\" referrerpolicy=\"strict-origin-when-cross-origin\" allowfullscreen><\/iframe>\n<\/div><\/figure>\n\n\n\n<p>Pour la n-i\u00e8me fois, Monsieur Combrecque, vous nous demandez ce soir de d\u00e9penser des milliers d&#8217;euros d&#8217;argent public pour un dispositif qui aide \u00e0 r\u00e9soudre 2 \u00e0 4% des infractions.<\/p>\n\n\n\n<p>Je ne parle pas de la m\u00e9diation sociale ou de l&#8217;am\u00e9lioration de la relation police-population, qui repr\u00e9sentent moins de la moiti\u00e9 de l&#8217;argent que nous demandons \u00e0 l&#8217;Etat et que nous soutenons.<\/p>\n\n\n\n<p>Je parle, encore et toujours, des cam\u00e9ras de surveillance.<\/p>\n\n\n\n<p>83 027 euros donc, auxquels on doit ajouter, pour \u00eatre transparents face \u00e0 nos concitoyens et concitoyennes, les 500 000 demand\u00e9s il n&#8217;y a pas un mois au Ministre de l&#8217;Int\u00e9rieur.<\/p>\n\n\n\n<p>Ces presque 600 000 euros, ce sont des moyens humains que nous n\u2019ajoutons pas pour v\u00e9ritablement am\u00e9liorer la s\u00fbret\u00e9 publique.<\/p>\n\n\n\n<p>Car que font les cam\u00e9ras, si ce n&#8217;est r\u00e9pondre \u00e0 un sentiment d&#8217;ins\u00e9curit\u00e9 par une impression de s\u00e9curit\u00e9 ? Nous ne disons pas qu&#8217;elles ne sont pas parfois utilis\u00e9es par la police, mais leur utilit\u00e9 est r\u00e9siduelle par rapport \u00e0 ce que pourraient apporter des \u00e9ducateurs pour la m\u00eame somme.<\/p>\n\n\n\n<p>Nous refusons de nous soumettre au chantage que nous fait le Ministre de l&#8217;Int\u00e9rieur, qui nous promet l&#8217;augmentation des effectifs de police en \u00e9change de l&#8217;installation de cam\u00e9ras. Si G\u00e9rald Darmanin voulait v\u00e9ritablement lutter contre le trafic de drogue, il devrait l\u00e9galiser et encadrer le cannabis plut\u00f4t que gaspiller de l&#8217;argent public dans une vid\u00e9osurveillance qui ne fait que d\u00e9placer le probl\u00e8me.<\/p>\n\n\n\n<p>Il y a un an Monsieur Crombrecque, vous nous avez cit\u00e9 plusieurs chiffres pour justifier l\u2019installation de ces cam\u00e9ras, tout en disant qu&#8217;aucune \u00e9tude n&#8217;avait \u00e9t\u00e9 faite. Encore une fois, au vu des sommes d\u00e9pens\u00e9es et de l&#8217;opposition d&#8217;une partie de ce Conseil Municipal aux cam\u00e9ras, une \u00e9tude est plus que n\u00e9cessaire. Nous pourrions la confier \u00e0 un ou une conseill\u00e8re, ou bien \u00e0 l&#8217;Assembl\u00e9e citoyenne, si celle-ci est int\u00e9ress\u00e9e par le sujet.<\/p>\n\n\n\n<p>Nous sommes bien conscients qu\u2019une partie des villeurbannais et villeurbannaises demande plus de cam\u00e9ras. Mais il nous faut du courage politique ; du courage politique pour leur d\u00e9montrer que ces cam\u00e9ras ne r\u00e9solvent pas le probl\u00e8me de fond ; et du courage politique, aussi, pour \u00e9couter la part silencieuse de celles et de ceux qui refusent leur installation.<\/p>\n\n\n\n<p>Les groupes politiques que je repr\u00e9sente ici ne se font que la caisse de r\u00e9sonance des oppositions \u00e0 la techno-soci\u00e9t\u00e9 et au techno-capitalisme, o\u00f9 la technologie est utilis\u00e9e pour contr\u00f4ler les corps et les comportements. Saviez-vous qu\u2019en 2013, des cam\u00e9ras de surveillance \u00e9taient d\u00e9j\u00e0 capables de lire \u00e0 plusieurs centaines de m\u00e8tres ce que vous \u00e9criviez sur votre t\u00e9l\u00e9phone ? Vous n\u2019\u00eates pas non plus sans ignorer que la surveillance algorithmique a \u00e9t\u00e9 autoris\u00e9e par les d\u00e9put\u00e9s avant, pendant et apr\u00e8s les Jeux Olympiques de Paris, chose que la ville de Nice et ses 4 000 cam\u00e9ras r\u00e9clame depuis des ann\u00e9es. La prochaine \u00e9tape, c\u2019est celle de l\u2019intelligence artificielle et de la reconnaissance faciale.<\/p>\n\n\n\n<p>Installer toujours plus de flux vid\u00e9o, c\u2019est ouvrir la porte \u00e0 un projet de contr\u00f4le, un projet qui puni les comportements plut\u00f4t que les actes, \u00e0 un projet qui renverse notre droit. Notre r\u00e9glementation qui prot\u00e8ge de ces d\u00e9rives se d\u00e9lite comme peau de chagrin. Si l\u2019extr\u00eame-droite prend le pouvoir, serez-vous ravis de lui avoir fourni sur un plateau tous les outils technologiques pour contr\u00f4ler, menacer et r\u00e9primer ses opposantes et opposants ?<\/p>\n\n\n\n<p>Tout cela, \u00e7a se fera sans nous.<\/p>\n\n\n\n<p>Vous avez refus\u00e9 de s\u00e9parer en deux la demande de subvention en mettant \u00e0 part le volet vid\u00e9osurveillance. Nous voterons donc contre cette d\u00e9lib\u00e9ration.<\/p>\n","protected":false},"excerpt":{"rendered":"<p>Par Ga\u00ebtan CONSTANT Pour la n-i\u00e8me fois, Monsieur Combrecque, vous nous demandez ce soir de d\u00e9penser des milliers d&#8217;euros d&#8217;argent public pour un dispositif qui aide \u00e0 r\u00e9soudre 2 \u00e0 4% des infractions. Je ne parle pas de la m\u00e9diation sociale ou de l&#8217;am\u00e9lioration de la relation police-population, qui repr\u00e9sentent moins de la moiti\u00e9 de&#8230;<\/p>\n","protected":false},"author":1,"featured_media":0,"comment_status":"open","ping_status":"open","sticky":false,"template":"","format":"standard","meta":[],"categories":[1],"tags":[184],"_links":{"self":[{"href":"https:\/\/villeurbanne-insoumise-ensemble.fr\/index.php?rest_route=\/wp\/v2\/posts\/1781"}],"collection":[{"href":"https:\/\/villeurbanne-insoumise-ensemble.fr\/index.php?rest_route=\/wp\/v2\/posts"}],"about":[{"href":"https:\/\/villeurbanne-insoumise-ensemble.fr\/index.php?rest_route=\/wp\/v2\/types\/post"}],"author":[{"embeddable":true,"href":"https:\/\/villeurbanne-insoumise-ensemble.fr\/index.php?rest_route=\/wp\/v2\/users\/1"}],"replies":[{"embeddable":true,"href":"https:\/\/villeurbanne-insoumise-ensemble.fr\/index.php?rest_route=%2Fwp%2Fv2%2Fcomments&post=1781"}],"version-history":[{"count":1,"href":"https:\/\/villeurbanne-insoumise-ensemble.fr\/index.php?rest_route=\/wp\/v2\/posts\/1781\/revisions"}],"predecessor-version":[{"id":1782,"href":"https:\/\/villeurbanne-insoumise-ensemble.fr\/index.php?rest_route=\/wp\/v2\/posts\/1781\/revisions\/1782"}],"wp:attachment":[{"href":"https:\/\/villeurbanne-insoumise-ensemble.fr\/index.php?rest_route=%2Fwp%2Fv2%2Fmedia&parent=1781"}],"wp:term":[{"taxonomy":"category","embeddable":true,"href":"https:\/\/villeurbanne-insoumise-ensemble.fr\/index.php?rest_route=%2Fwp%2Fv2%2Fcategories&post=1781"},{"taxonomy":"post_tag","embeddable":true,"href":"https:\/\/villeurbanne-insoumise-ensemble.fr\/index.php?rest_route=%2Fwp%2Fv2%2Ftags&post=1781"}],"curies":[{"name":"wp","href":"https:\/\/api.w.org\/{rel}","templated":true}]}}