{"id":1779,"date":"2024-04-09T15:41:37","date_gmt":"2024-04-09T13:41:37","guid":{"rendered":"https:\/\/villeurbanne-insoumise-ensemble.fr\/?p=1779"},"modified":"2024-04-09T15:41:37","modified_gmt":"2024-04-09T13:41:37","slug":"le-dereglement-climatique-apporte-de-nouveaux-risques","status":"publish","type":"post","link":"https:\/\/villeurbanne-insoumise-ensemble.fr\/?p=1779","title":{"rendered":"Le d\u00e9r\u00e8glement climatique apporte de nouveaux risques !"},"content":{"rendered":"\n<p><em>Par Morgane GUILLAS<\/em><\/p>\n\n\n\n<figure class=\"wp-block-embed is-type-video is-provider-youtube wp-block-embed-youtube wp-embed-aspect-16-9 wp-has-aspect-ratio\"><div class=\"wp-block-embed__wrapper\">\n<iframe loading=\"lazy\" title=\"Morgane GUILLAS - Le d\u00e9r\u00e8glement climatique apporte de nouveaux risques !\" width=\"640\" height=\"360\" src=\"https:\/\/www.youtube.com\/embed\/PuFYyfCcono?feature=oembed\" frameborder=\"0\" allow=\"accelerometer; autoplay; clipboard-write; encrypted-media; gyroscope; picture-in-picture; web-share\" referrerpolicy=\"strict-origin-when-cross-origin\" allowfullscreen><\/iframe>\n<\/div><\/figure>\n\n\n\n<p>L&#8217;anticipation est indispensable pour se pr\u00e9parer dans un monde o\u00f9 les risques sont de plus en plus nombreux.&nbsp;Nous nous f\u00e9licitons des \u00e9volutions en lien avec la cellule de crise et de l\u2019organisation de la cha\u00eene de commandement et d\u2019actions.<\/p>\n\n\n\n<p>Cela \u00e9tant dit, le d\u00e9r\u00e8glement climatique et la mondialisation apportent de nouveaux risques auxquels nous devons nous pr\u00e9parer pour en r\u00e9duire au mieux leur impact.\u00a0<\/p>\n\n\n\n<p>Je reste surprise que ces nouvelles r\u00e9flexions, et les \u00e9l\u00e9ments que nous avions \u00e9voqu\u00e9 avec Monsieur Combrecque n&#8217;aient pas \u00e9t\u00e9 encore pris en compte dans cette mise \u00e0 jour du Plan communal de sauvegarde. Je parle des enjeux en lien avec l&#8217;alimentation et les ph\u00e9nom\u00e8nes climatiques plus violents que ceux ayant d\u00e9j\u00e0 eu lieu, qui pourront donc nous impacter dans notre ville.&nbsp;<\/p>\n\n\n\n<p>A l&#8217;\u00e9chelle de Villeurbanne, nous avons d\u00e9j\u00e0 \u00e9prouv\u00e9 des difficult\u00e9s, encore faibles heureusement, de d\u00e9sorganisation des cha\u00eenes d&#8217;approvisionnement de nos magasins d&#8217;alimentation et les fermetures ponctuelles de march\u00e9s de plein vent aussi. La mondialisation de notre alimentation pr\u00e9sente des risques de rupture d\u2019approvisionnement en cas de difficult\u00e9 internationale, on l\u2019a d\u00e9j\u00e0 \u00e9prouv\u00e9, tout comme pour certains produits de premi\u00e8re n\u00e9cessit\u00e9 comme les m\u00e9dicaments. Pour illustrer cela, un chiffre&nbsp;: il y a tr\u00e8s peu de temps, 4.6% d\u2019autonomie alimentaire \u00e9tait pr\u00e9sente sur la M\u00e9tropole de Lyon.&nbsp;Et si on prend un petit peu plus largement, c\u2019est toujours des chiffres qui sont tr\u00e8s faibles et, en tout cas, moins d\u2019une dizaine.<\/p>\n\n\n\n<p>Ensuite, il y a les \u00e9v\u00e9nements climatiques toujours plus forts comme les \u00e9pisodes d&#8217;extr\u00eame s\u00e9cheresse que nous avons v\u00e9cus r\u00e9cemment qui exacerbent la tension dans notre alimentation en eau. On est bien lotis dans les environs de la r\u00e9gion lyonnaise, on peut en \u00eatre heureux, nous avons peu de risques de coupure de notre eau potable. Par contre, nous avons bien un risque en lien avec sa pollution. Un autre risque est celui du refroidissement des centrales nucl\u00e9aires voisines. Nous avons vu les d\u00e9rogations accord\u00e9es pour les refroidir, <em>via<\/em> le pompage d&#8217;eau dans la rivi\u00e8re malgr\u00e9 des niveaux tr\u00e8s bas, l&#8217;\u00e9t\u00e9 dernier. Mais comment refroidirons-nous nos centrales, lorsque les cours d\u2019eau seront trop chauds ou les d\u00e9bits trop faibles pour cela&nbsp;?<\/p>\n\n\n\n<p>Nous devrions anticiper les risques auxquels nous ne manquerons pas d\u2019\u00eatre confront\u00e9s dans les ann\u00e9es \u00e0 venir et nous esp\u00e9rons que les \u00e9lus de la transition \u00e9cologique pourront partager aussi leurs id\u00e9es. Nous voterons pour cette d\u00e9lib\u00e9ration, et nous sommes en attente de &nbsp;l\u2019am\u00e9lioration de notre prochain Plan de sauvegarde.<\/p>\n","protected":false},"excerpt":{"rendered":"<p>Par Morgane GUILLAS L&#8217;anticipation est indispensable pour se pr\u00e9parer dans un monde o\u00f9 les risques sont de plus en plus nombreux.&nbsp;Nous nous f\u00e9licitons des \u00e9volutions en lien avec la cellule de crise et de l\u2019organisation de la cha\u00eene de commandement et d\u2019actions. Cela \u00e9tant dit, le d\u00e9r\u00e8glement climatique et la mondialisation apportent de nouveaux risques&#8230;<\/p>\n","protected":false},"author":1,"featured_media":0,"comment_status":"open","ping_status":"open","sticky":false,"template":"","format":"standard","meta":[],"categories":[1],"tags":[82,181],"_links":{"self":[{"href":"https:\/\/villeurbanne-insoumise-ensemble.fr\/index.php?rest_route=\/wp\/v2\/posts\/1779"}],"collection":[{"href":"https:\/\/villeurbanne-insoumise-ensemble.fr\/index.php?rest_route=\/wp\/v2\/posts"}],"about":[{"href":"https:\/\/villeurbanne-insoumise-ensemble.fr\/index.php?rest_route=\/wp\/v2\/types\/post"}],"author":[{"embeddable":true,"href":"https:\/\/villeurbanne-insoumise-ensemble.fr\/index.php?rest_route=\/wp\/v2\/users\/1"}],"replies":[{"embeddable":true,"href":"https:\/\/villeurbanne-insoumise-ensemble.fr\/index.php?rest_route=%2Fwp%2Fv2%2Fcomments&post=1779"}],"version-history":[{"count":1,"href":"https:\/\/villeurbanne-insoumise-ensemble.fr\/index.php?rest_route=\/wp\/v2\/posts\/1779\/revisions"}],"predecessor-version":[{"id":1780,"href":"https:\/\/villeurbanne-insoumise-ensemble.fr\/index.php?rest_route=\/wp\/v2\/posts\/1779\/revisions\/1780"}],"wp:attachment":[{"href":"https:\/\/villeurbanne-insoumise-ensemble.fr\/index.php?rest_route=%2Fwp%2Fv2%2Fmedia&parent=1779"}],"wp:term":[{"taxonomy":"category","embeddable":true,"href":"https:\/\/villeurbanne-insoumise-ensemble.fr\/index.php?rest_route=%2Fwp%2Fv2%2Fcategories&post=1779"},{"taxonomy":"post_tag","embeddable":true,"href":"https:\/\/villeurbanne-insoumise-ensemble.fr\/index.php?rest_route=%2Fwp%2Fv2%2Ftags&post=1779"}],"curies":[{"name":"wp","href":"https:\/\/api.w.org\/{rel}","templated":true}]}}