{"id":1777,"date":"2024-04-09T15:39:49","date_gmt":"2024-04-09T13:39:49","guid":{"rendered":"https:\/\/villeurbanne-insoumise-ensemble.fr\/?p=1777"},"modified":"2024-04-09T15:39:50","modified_gmt":"2024-04-09T13:39:50","slug":"le-contrat-de-ville-un-levier-pour-legalite","status":"publish","type":"post","link":"https:\/\/villeurbanne-insoumise-ensemble.fr\/?p=1777","title":{"rendered":"Le Contrat de Ville, un levier pour l&#8217;\u00e9galit\u00e9"},"content":{"rendered":"\n<p><em>Par Aurore GORRIQUER<\/em><\/p>\n\n\n\n<figure class=\"wp-block-embed is-type-video is-provider-youtube wp-block-embed-youtube wp-embed-aspect-16-9 wp-has-aspect-ratio\"><div class=\"wp-block-embed__wrapper\">\n<iframe loading=\"lazy\" title=\"Aurore GORRIQUER - Le Contrat de Ville, un levier pour l\u2019\u00e9galit\u00e9\" width=\"640\" height=\"360\" src=\"https:\/\/www.youtube.com\/embed\/4bMV9NA2B0E?feature=oembed\" frameborder=\"0\" allow=\"accelerometer; autoplay; clipboard-write; encrypted-media; gyroscope; picture-in-picture; web-share\" referrerpolicy=\"strict-origin-when-cross-origin\" allowfullscreen><\/iframe>\n<\/div><\/figure>\n\n\n\n<p>Ce n\u2019est pas un scoop&nbsp;: les in\u00e9galit\u00e9s se creusent. Face \u00e0 un syst\u00e8me \u00e9conomique impitoyable et injuste, qui favorise l\u2019accumulation des uns au d\u00e9triment des autres, il n\u2019y a que la volont\u00e9 politique qui puisse corriger les in\u00e9galit\u00e9s.<\/p>\n\n\n\n<p>Mais ce n\u2019est pas le choix qui est fait nationalement.<\/p>\n\n\n\n<p>Les politiques que le gouvernement m\u00e8ne ne font que renforcer les in\u00e9galit\u00e9s. Il d\u00e9truit nos services publics, diminue les moyens financiers et humains. Il pr\u00e9carise les travailleurs en cassant le Code du travail, tout en ne faisant rien pour lutter contre l\u2019inflation. L\u2019absence d\u2019investissements et de r\u00e9gulation dans le logement, l\u2019\u00e9ducation nationale ou encore la sant\u00e9 cr\u00e9ent un sentiment d\u2019abandon, surtout chez les personnes qui d\u00e9pendent des services publics pour vivre dignement.<\/p>\n\n\n\n<p>Plut\u00f4t que d\u2019\u00e9couter le peuple et sa r\u00e9volte, il r\u00e9prime sa l\u00e9gitime col\u00e8re par la force.<\/p>\n\n\n\n<p>C\u2019est pourquoi nous devons faire tout ce qui est entre notre pouvoir pour faire du Contrat de Ville un levier qui r\u00e9tablira au mieux l\u2019\u00e9galit\u00e9.<\/p>\n\n\n\n<p>Avec ce Contrat, nous nous mettons au service des habitants et habitantes ainsi que des mobilisations citoyennes. Il s\u2019agit de faire en sorte que les moyens publics mis au sein des Quartiers Politique de la Ville soient les m\u00eames qu\u2019ailleurs. Parmi tous les points abord\u00e9s, nous en retenons quelques-uns&nbsp;:<\/p>\n\n\n\n<ul><li>le besoin de rendre l\u00e9gitime la participation des habitants et habitantes&nbsp;;<\/li><li>la lutte contre les discriminations ;<\/li><li>ou encore la demande de services publics de proximit\u00e9, commerces, \u00e9v\u00e9nements culturels et sportifs, et d\u2019une sant\u00e9 accessible.<\/li><\/ul>\n\n\n\n<p>Ce ne sont pas que des mots creux. Pour la premi\u00e8re fois, une clause de revoyure va permettre de faire un bilan \u00e0 mi-contrat et d\u2019adapter la strat\u00e9gie.<\/p>\n\n\n\n<p>Cependant, lutter contre les in\u00e9galit\u00e9s ne peut pas se faire uniquement \u00e0 l\u2019\u00e9chelle locale. Sans mesures nationales fortes, nous ne pourrons qu\u2019agir \u00e0 la marge. Les moyens doivent \u00eatre \u00e0 la hauteur des besoins. Dans l\u2019\u00e9ducation nationale par exemple, o\u00f9 la r\u00e9ussite sera meilleure si les effectifs par classe sont r\u00e9duits et que la s\u00e9lection des \u00e9l\u00e8ves par Parcoursup est abolie. Cr\u00e9er une garantie des loyers, une garantie d\u2019emploi pour les ch\u00f4meurs et ch\u00f4meuses de longue dur\u00e9e, une Allocation Adulte Handicap\u00e9 au-dessus du seuil de pauvret\u00e9, un remboursement \u00e0 100% de la s\u00e9curit\u00e9 sociale, ou encore encadrer les prix et cr\u00e9er une s\u00e9curit\u00e9 sociale de l\u2019alimentation&nbsp;: voil\u00e0 des mesures concr\u00e8tes, structurelles, qui r\u00e9tabliraient plus d\u2019\u00e9galit\u00e9.<\/p>\n\n\n\n<p>A rebours des caricatures qui en sont souvent faites, nous savons que nos quartiers populaires sont une chance. Pour accompagner celles et ceux qui les font vivre, nous voterons bien s\u00fbr pour ce Contrat.<\/p>\n","protected":false},"excerpt":{"rendered":"<p>Par Aurore GORRIQUER Ce n\u2019est pas un scoop&nbsp;: les in\u00e9galit\u00e9s se creusent. Face \u00e0 un syst\u00e8me \u00e9conomique impitoyable et injuste, qui favorise l\u2019accumulation des uns au d\u00e9triment des autres, il n\u2019y a que la volont\u00e9 politique qui puisse corriger les in\u00e9galit\u00e9s. Mais ce n\u2019est pas le choix qui est fait nationalement. Les politiques que le&#8230;<\/p>\n","protected":false},"author":1,"featured_media":0,"comment_status":"open","ping_status":"open","sticky":false,"template":"","format":"standard","meta":[],"categories":[1],"tags":[77,108],"_links":{"self":[{"href":"https:\/\/villeurbanne-insoumise-ensemble.fr\/index.php?rest_route=\/wp\/v2\/posts\/1777"}],"collection":[{"href":"https:\/\/villeurbanne-insoumise-ensemble.fr\/index.php?rest_route=\/wp\/v2\/posts"}],"about":[{"href":"https:\/\/villeurbanne-insoumise-ensemble.fr\/index.php?rest_route=\/wp\/v2\/types\/post"}],"author":[{"embeddable":true,"href":"https:\/\/villeurbanne-insoumise-ensemble.fr\/index.php?rest_route=\/wp\/v2\/users\/1"}],"replies":[{"embeddable":true,"href":"https:\/\/villeurbanne-insoumise-ensemble.fr\/index.php?rest_route=%2Fwp%2Fv2%2Fcomments&post=1777"}],"version-history":[{"count":1,"href":"https:\/\/villeurbanne-insoumise-ensemble.fr\/index.php?rest_route=\/wp\/v2\/posts\/1777\/revisions"}],"predecessor-version":[{"id":1778,"href":"https:\/\/villeurbanne-insoumise-ensemble.fr\/index.php?rest_route=\/wp\/v2\/posts\/1777\/revisions\/1778"}],"wp:attachment":[{"href":"https:\/\/villeurbanne-insoumise-ensemble.fr\/index.php?rest_route=%2Fwp%2Fv2%2Fmedia&parent=1777"}],"wp:term":[{"taxonomy":"category","embeddable":true,"href":"https:\/\/villeurbanne-insoumise-ensemble.fr\/index.php?rest_route=%2Fwp%2Fv2%2Fcategories&post=1777"},{"taxonomy":"post_tag","embeddable":true,"href":"https:\/\/villeurbanne-insoumise-ensemble.fr\/index.php?rest_route=%2Fwp%2Fv2%2Ftags&post=1777"}],"curies":[{"name":"wp","href":"https:\/\/api.w.org\/{rel}","templated":true}]}}