{"id":1775,"date":"2024-04-09T15:38:17","date_gmt":"2024-04-09T13:38:17","guid":{"rendered":"https:\/\/villeurbanne-insoumise-ensemble.fr\/?p=1775"},"modified":"2024-04-09T15:38:18","modified_gmt":"2024-04-09T13:38:18","slug":"le-droit-commun-partout-pour-toutes-et-tous","status":"publish","type":"post","link":"https:\/\/villeurbanne-insoumise-ensemble.fr\/?p=1775","title":{"rendered":"Le droit commun partout, pour toutes et tous !"},"content":{"rendered":"\n<p><em>Par Mathieu GARABEDIAN<\/em><\/p>\n\n\n\n<figure class=\"wp-block-embed is-type-video is-provider-youtube wp-block-embed-youtube wp-embed-aspect-16-9 wp-has-aspect-ratio\"><div class=\"wp-block-embed__wrapper\">\n<iframe loading=\"lazy\" title=\"Mathieu GARABEDIAN - Le droit commun partout, pour toutes et tous !\" width=\"640\" height=\"360\" src=\"https:\/\/www.youtube.com\/embed\/WsL9wwCZYac?feature=oembed\" frameborder=\"0\" allow=\"accelerometer; autoplay; clipboard-write; encrypted-media; gyroscope; picture-in-picture; web-share\" referrerpolicy=\"strict-origin-when-cross-origin\" allowfullscreen><\/iframe>\n<\/div><\/figure>\n\n\n\n<p><strong><em>Pr\u00e9sentation de la d\u00e9lib\u00e9ration<\/em><\/strong><\/p>\n\n\n\n<p>Il s\u2019agit du Contrat de Ville m\u00e9tropolitain qui va nous engager sur la p\u00e9riode 2024-2030. C\u2019est un rapport dit \u00ab&nbsp;Engagement quartier 2030&nbsp;\u00bb. Il a \u00e9t\u00e9 adopt\u00e9 \u00e0 l\u2019unanimit\u00e9 le 11 mars au Conseil m\u00e9tropolitain. C\u2019est un document dont le nom peut sembler technique mais qui a des enjeux tr\u00e8s politiques. Il concerne sur la M\u00e9tropole plus de 200&nbsp;000 habitants, 18 communes, et il permet de discuter de situations d\u2019in\u00e9galit\u00e9 assez terribles dans nos quartiers populaires, avec des taux de pauvret\u00e9 trois fois plus \u00e9lev\u00e9s que dans d\u2019autres quartiers de la M\u00e9tropole, un ch\u00f4mage des jeunes deux fois plus important que la moyenne nationale, parfois qui atteint 50 % dans certains quartiers&nbsp;; des quartiers qui voient la fermeture des accueils physiques et des services publics depuis des ann\u00e9es se d\u00e9rouler. Et donc c\u2019est un document qui permet d\u2019apporter des r\u00e9ponses aux habitants sur ces grands enjeux d\u2019\u00e9galit\u00e9.<\/p>\n\n\n\n<p>C\u2019est un travail qui a commenc\u00e9 il y a un peu plus d\u2019un an avec les Assises des Quartiers Populaires, qui ont \u00e9t\u00e9 organis\u00e9es par la M\u00e9tropole. A Villeurbanne on a eu la chance d\u2019en accueillir et d\u2019en organiser un de ces ateliers, qui \u00e9tait autour de l\u2019\u00e9galit\u00e9 d\u2019acc\u00e8s aux droits sociaux et aux services publics, une th\u00e9matique qui est tr\u00e8s importante pour nous et qu\u2019on porte dans notre d\u00e9clinaison locale. C\u2019est des Assises qui se voulaient ouvertes aux habitants et qui se traduisent aujourd\u2019hui par une arriv\u00e9e des habitants dans la gouvernance du Contrat de Ville pour les prochaines ann\u00e9es.<\/p>\n\n\n\n<p>De notre c\u00f4t\u00e9, on en parlera quand on pr\u00e9sentera, plut\u00f4t \u00e0 la rentr\u00e9e des vacances d\u2019\u00e9t\u00e9, notre propre d\u00e9clinaison locale. On souhaite aussi poursuivre cette implication des habitants par des dispositifs d\u2019interpellation, de d\u00e9mocratie d\u2019interpellation, qu\u2019on aura l\u2019occasion de vous pr\u00e9senter au moment de notre convention locale d\u2019application.<\/p>\n\n\n\n<p>Ensuite l\u2019\u00e9t\u00e9 dernier, on a eu un travail sur la g\u00e9ographie prioritaire. Pour rappel, ce sont les p\u00e9rim\u00e8tres qui d\u00e9terminent ensuite les quartiers dits \u00ab&nbsp;prioritaires&nbsp;\u00bb au titre de la Politique de la Ville. Pour Villeurbanne, c\u2019est une extension de tous les quartiers qui a \u00e9t\u00e9 act\u00e9e avec les services de la pr\u00e9fecture. Donc, pour les habitants, une prise en compte suppl\u00e9mentaire de leur quotidien et pour la commune, des engagements financiers puisque notamment pour les bailleurs sociaux, ce sont des abattements de la taxe fonci\u00e8re qui sont en partie g\u00e9r\u00e9s par la commune.<\/p>\n\n\n\n<p>Et puis enfin \u00e0 l\u2019automne\u2026 et jusqu\u2019\u00e0 pr\u00e9sent la r\u00e9daction de ce document, le Contrat de ville qui, pour rappel, pr\u00e9sente plusieurs grands enjeux&nbsp;:<\/p>\n\n\n\n<ul><li>la mobilisation de toutes les politiques publiques et leur articulation aupr\u00e8s de projets de territoires d\u00e9clin\u00e9s dans chacune des communes qui pr\u00e9sentera ensuite leur convention locale d\u2019application&nbsp;;<\/li><li>la proximit\u00e9 et le renfort de la pr\u00e9sence humaine dans les quartiers, dont je parlais au tout d\u00e9but&nbsp;;<\/li><li>la mobilisation des habitants et des associations&nbsp;;<\/li><li>et la coordination des partenaires, puisque c\u2019est un document qui est multi-partenarial, par les projets Politique de la Ville.<\/li><\/ul>\n\n\n\n<p>Je rajoute que pour Villeurbanne en tout cas, on est tr\u00e8s raccords avec ces enjeux transversaux, auxquels on ajoute \u00e9videmment la lutte contre les in\u00e9galit\u00e9s et les discriminations et qui appara\u00eet tr\u00e8s fortement dans notre d\u00e9clinaison locale.<\/p>\n\n\n\n<p>A retenir, quelques chiffres et quelques \u00e9l\u00e9ments de ce document. Ce sont 250 engagements qui sont inscrits avec une clause de revoyure pour 2027 qui permettra de faire le point sur ces engagements. C\u2019est des engagements qui pour chacun sont cibl\u00e9s de l\u2019institution ou de la collectivit\u00e9 territoriale qui en est responsable. \u00c7a permet aussi de mettre des noms ou des comp\u00e9tences et les responsabilit\u00e9s des uns ou des autres. C\u2019est un document qui a su aussi visibiliser ce qui n\u2019\u00e9tait pas traduit par des engagements mais qui \u00e9tait le sujet de travail qu\u2019on souhaitera jusqu\u2019en 2027, en tout cas pour retravailler et peut-\u00eatre afficher en 2027 dans la suite de ce document. Et \u00e7a ne concerne pas Villeurbanne mais c\u2019est int\u00e9ressant de le noter, c\u2019est la cr\u00e9ation aussi des Quartiers Populaires M\u00e9tropolitains qui font suite \u00e0 l\u2019arr\u00eat des Quartiers de Veille Active qui n\u2019ont pas \u00e9t\u00e9 reconduits par l\u2019Etat mais qui permettra \u00e0 certaines communes, qui ne d\u00e9passaient pas les seuils permettant d\u2019entrer <em>stricto sensu<\/em> dans la Politique de la Ville, d\u2019\u00eatre accompagn\u00e9es en ing\u00e9nierie par la M\u00e9tropole.<\/p>\n\n\n\n<p>Peut-\u00eatre deux regrets sur ce document. C\u2019est qu\u2019il manque un signataire important&nbsp;: la r\u00e9gion n\u2019a pas souhait\u00e9 s\u2019associer \u00e0 ce Contrat et n\u2019a pas \u00e9t\u00e9 pr\u00e9sente dans le travail d\u2019\u00e9laboration. C\u2019est quelque chose qu\u2019on peut \u00e9videmment regretter. Et les annonces qui datent de quelques semaines de Bruno Lemaire, annon\u00e7ant une baisse des montants pour la Politique de la Ville qui \u00e9videmment, impactera les engagements de ce document.<\/p>\n\n\n\n<p>Merci de pouvoir approuver ce document et que la Ville de Villeurbanne puisse le signer pour ensuite, \u00e0 la rentr\u00e9e, pouvoir pr\u00e9senter sa propre d\u00e9clinaison locale.<\/p>\n\n\n\n<p><strong><em>Prise de parole apr\u00e8s les interventions<\/em><\/strong><\/p>\n\n\n\n<p>Peut-\u00eatre pour le rappeler mais le ma\u00eetre-mot de la Politique de la ville c\u2019est l\u2019\u00e9galit\u00e9 face aux politiques de droits commun. L\u2019enjeu, ce n\u2019est pas de r\u00e9clamer des cr\u00e9dits sp\u00e9cifiques qui viendraient compenser des manques&nbsp;; c\u2019est vraiment que ces quartiers puissent b\u00e9n\u00e9ficier des m\u00eames politiques, des m\u00eames cr\u00e9dits.<\/p>\n\n\n\n<p>Peut-\u00eatre pour r\u00e9pondre au groupe Progressistes&nbsp;: vous parliez de suivi r\u00e9gulier, mais d\u00e9j\u00e0 d\u2019avoir une \u00ab g\u00e9olocalisation \u00bb entre guillemets des cr\u00e9dits des politiques de droit commun, ce serait une avanc\u00e9e \u00e9norme pour voir, effectivement, comment atterrissent ces politiques sur les quartiers populaires&nbsp;; constater (parce qu\u2019\u00e0 force d\u2019observation on le remarque quand m\u00eame que certains quartiers n\u2019ont pas la m\u00eame \u00e9galit\u00e9 d\u2019acc\u00e8s aux services publics) et pouvoir mener effectivement des actions de transformation pour qu\u2019ils aient acc\u00e8s de la m\u00eame mani\u00e8re que les autres quartiers.<\/p>\n\n\n\n<p>Donc c\u2019est je pense le ma\u00eetre-mot, et \u00e7a ne repose pas que sur les cr\u00e9dits sp\u00e9cifiques. J\u2019aimerais qu\u2019on ait bien en t\u00eate, peut-\u00eatre \u00e0 l\u2019issue de ce d\u00e9bat, que l\u2019enjeu c\u2019est vraiment la mobilisation du droit commun partout, et pour toutes et tous.<\/p>\n","protected":false},"excerpt":{"rendered":"<p>Par Mathieu GARABEDIAN Pr\u00e9sentation de la d\u00e9lib\u00e9ration Il s\u2019agit du Contrat de Ville m\u00e9tropolitain qui va nous engager sur la p\u00e9riode 2024-2030. C\u2019est un rapport dit \u00ab&nbsp;Engagement quartier 2030&nbsp;\u00bb. Il a \u00e9t\u00e9 adopt\u00e9 \u00e0 l\u2019unanimit\u00e9 le 11 mars au Conseil m\u00e9tropolitain. C\u2019est un document dont le nom peut sembler technique mais qui a des enjeux&#8230;<\/p>\n","protected":false},"author":1,"featured_media":0,"comment_status":"open","ping_status":"open","sticky":false,"template":"","format":"standard","meta":[],"categories":[1],"tags":[77,108],"_links":{"self":[{"href":"https:\/\/villeurbanne-insoumise-ensemble.fr\/index.php?rest_route=\/wp\/v2\/posts\/1775"}],"collection":[{"href":"https:\/\/villeurbanne-insoumise-ensemble.fr\/index.php?rest_route=\/wp\/v2\/posts"}],"about":[{"href":"https:\/\/villeurbanne-insoumise-ensemble.fr\/index.php?rest_route=\/wp\/v2\/types\/post"}],"author":[{"embeddable":true,"href":"https:\/\/villeurbanne-insoumise-ensemble.fr\/index.php?rest_route=\/wp\/v2\/users\/1"}],"replies":[{"embeddable":true,"href":"https:\/\/villeurbanne-insoumise-ensemble.fr\/index.php?rest_route=%2Fwp%2Fv2%2Fcomments&post=1775"}],"version-history":[{"count":1,"href":"https:\/\/villeurbanne-insoumise-ensemble.fr\/index.php?rest_route=\/wp\/v2\/posts\/1775\/revisions"}],"predecessor-version":[{"id":1776,"href":"https:\/\/villeurbanne-insoumise-ensemble.fr\/index.php?rest_route=\/wp\/v2\/posts\/1775\/revisions\/1776"}],"wp:attachment":[{"href":"https:\/\/villeurbanne-insoumise-ensemble.fr\/index.php?rest_route=%2Fwp%2Fv2%2Fmedia&parent=1775"}],"wp:term":[{"taxonomy":"category","embeddable":true,"href":"https:\/\/villeurbanne-insoumise-ensemble.fr\/index.php?rest_route=%2Fwp%2Fv2%2Fcategories&post=1775"},{"taxonomy":"post_tag","embeddable":true,"href":"https:\/\/villeurbanne-insoumise-ensemble.fr\/index.php?rest_route=%2Fwp%2Fv2%2Ftags&post=1775"}],"curies":[{"name":"wp","href":"https:\/\/api.w.org\/{rel}","templated":true}]}}