{"id":177,"date":"2021-04-22T15:18:04","date_gmt":"2021-04-22T13:18:04","guid":{"rendered":"http:\/\/villeurbanne-insoumise-ensemble.fr\/?p=177"},"modified":"2023-11-22T15:49:58","modified_gmt":"2023-11-22T14:49:58","slug":"et-cest-parti-pour-le-twitch","status":"publish","type":"post","link":"https:\/\/villeurbanne-insoumise-ensemble.fr\/?p=177","title":{"rendered":"Et c&#8217;est parti pour le Twitch !"},"content":{"rendered":"\n<p>Vous vous posez des questions sur ce qui est pr\u00e9vu pour la ville ? <strong>Vous voulez discuter politique avec vos \u00e9lu\u2022e\u2022s autour d\u2019un jeu vid\u00e9o ?<\/strong><\/p>\n\n\n\n<p><br><strong>Notre adjoint \u00e0 la qualit\u00e9 du service public et \u00e0 la lutte contre la fracture num\u00e9rique Ga\u00ebtan Constant lance, avec la <a href=\"https:\/\/www.facebook.com\/Villeurbanne\/?__tn__=K-R&amp;eid=ARAGJXU-YlSsuy72H0nxnI6b9TmEzc5mAQsVz6ky6X02CHQjGrLkVMQ1n1DHJDo4qDzKaq_zsPzsDT8w&amp;fref=mentions&amp;__xts__%5B0%5D=68.ARDP8D8zKdvYg_shTVIaa3WVpM89LGG-0lT76QzotG33d9S0bDlH52Ups1AWofmRnbMa63xNx4r7X2e4tGrLAck31zTKtRASYmyNzoswQgA7Od1rX5P5ptEd8g1YFCG0XSQpSCYqwCL_ER77WhUWxYFs1W7WwRnf2uAeAuYgFKrrV2ECnjlfDUevVAyxMr-aiGqcpMkAkD5Vm-4dHiQh757Q68V90PJ2_X8YjlUbkD_8ubTgbmi_GvuPYP97Qea0m0OMUYTwdhEWwTzuT3DWsYenROwN5JU\">Ville de Villeurbanne<\/a>, une s\u00e9rie de directs Twitch<\/strong>. Il y invitera r\u00e9guli\u00e8rement des \u00e9lu\u2022e\u2022s de la majorit\u00e9 pour parler avec eux (et elles !) de ce qui se passe dans la ville.<\/p>\n\n\n\n<p><\/p>\n\n\n\n<div class=\"wp-block-image\"><figure class=\"aligncenter size-large is-resized\"><img loading=\"lazy\" src=\"http:\/\/villeurbanne-insoumise-ensemble.fr\/wp-content\/uploads\/2021\/04\/index-1024x595.jpg\" alt=\"\" class=\"wp-image-178\" width=\"500\" height=\"291\" srcset=\"https:\/\/villeurbanne-insoumise-ensemble.fr\/wp-content\/uploads\/2021\/04\/index-1024x595.jpg 1024w, https:\/\/villeurbanne-insoumise-ensemble.fr\/wp-content\/uploads\/2021\/04\/index-300x174.jpg 300w, https:\/\/villeurbanne-insoumise-ensemble.fr\/wp-content\/uploads\/2021\/04\/index-768x446.jpg 768w, https:\/\/villeurbanne-insoumise-ensemble.fr\/wp-content\/uploads\/2021\/04\/index.jpg 1280w\" sizes=\"(max-width: 500px) 100vw, 500px\" \/><figcaption>En pleine partie de Cities Skylines<\/figcaption><\/figure><\/div>\n\n\n\n<p>La semaine derni\u00e8re, c&#8217;est<strong> Agn\u00e8s Thouvenot, 1\u00e8re adjointe \u00e0 la transition \u00e9cologique, \u00e0 l&#8217;urbanisme<\/strong>, <strong>\u00e0 l&#8217;habitat et \u00e0 la ville durable<\/strong> qui s&#8217;est pli\u00e9e \u00e0 l&#8217;exercice. Pour voir et revoir le direct,<a href=\"http:\/\/twitch.tv\/villeurbannetwitch\"> c&#8217;est ici <\/a>!<\/p>\n\n\n\n<div class=\"wp-block-image\"><figure class=\"aligncenter size-large is-resized\"><img loading=\"lazy\" src=\"http:\/\/villeurbanne-insoumise-ensemble.fr\/wp-content\/uploads\/2021\/04\/index2-1024x768.jpg\" alt=\"\" class=\"wp-image-180\" width=\"495\" height=\"372\" srcset=\"https:\/\/villeurbanne-insoumise-ensemble.fr\/wp-content\/uploads\/2021\/04\/index2-1024x768.jpg 1024w, https:\/\/villeurbanne-insoumise-ensemble.fr\/wp-content\/uploads\/2021\/04\/index2-300x225.jpg 300w, https:\/\/villeurbanne-insoumise-ensemble.fr\/wp-content\/uploads\/2021\/04\/index2-768x576.jpg 768w, https:\/\/villeurbanne-insoumise-ensemble.fr\/wp-content\/uploads\/2021\/04\/index2.jpg 1280w\" sizes=\"(max-width: 495px) 100vw, 495px\" \/><figcaption>Ga\u00ebtan Constant et Agn\u00e8s Thouvenot<\/figcaption><\/figure><\/div>\n\n\n\n<p>Mercredi 21 avril, <strong>Ga\u00ebtan Constant \u00e9tait \u00e9galement l\u2019invit\u00e9 de RCF radio <\/strong>pour expliquer la d\u00e9marche, parler jeux vid\u00e9o et politique. Pour \u00e9couter le <em>replay<\/em>, <a href=\"https:\/\/rcf.fr\/la-matinale\/la-ville-de-villeurbanne-joue-la-carte-du-streaming-pour-parler-politique?fbclid=IwAR0RnBuc27ETV6D0vGi6kOyFNQMkjUUkFjQchtKJ5JAPGYyAmYPXO2g2Mpw\">cliquez ici<\/a> ! Et si vous pr\u00e9f\u00e9rez regarder plut\u00f4t qu&#8217;\u00e9couter, vous pouvez aussi <a href=\"https:\/\/actu.fr\/auvergne-rhone-alpes\/villeurbanne_69266\/quand-la-mairie-de-villeurbanne-se-la-joue-geek-et-tente-l-aventure-twitch_41263650.html?fbclid=IwAR2vn_7krHNDoOUK1i58eFKeMrFlQlpkv5NyPJvu9E3eK9uVDzHJ9wOU1Ds\">vous rendre sur Actu Lyon<\/a> pour lire l&#8217;entretien r\u00e9alis\u00e9 avec Ga\u00ebtan Constant et le maire, C\u00e9dric Van Styvendael :<\/p>\n\n\n\n<p class=\"has-text-align-center\">\u00ab <em>Twitch, c\u2019est un bon moyen de vulgariser la politique publique, en utilisant les codes du jeu vid\u00e9o par exemple. La premi\u00e8re fois, le maire \u00e9tait seul face aux autres, c\u2019\u00e9tait un exercice particulier. La deuxi\u00e8me fois, nous \u00e9tions dans un \u00e9change \u00e0 deux, de fa\u00e7on tr\u00e8s naturelle, avec beaucoup de positivit\u00e9<\/em> \u00bb.<\/p>\n\n\n\n<p class=\"has-text-align-right has-text-color has-small-font-size\" style=\"color:#899199\">Ga\u00ebtan Constant<\/p>\n","protected":false},"excerpt":{"rendered":"<p>Vous vous posez des questions sur ce qui est pr\u00e9vu pour la ville ? Vous voulez discuter politique avec vos \u00e9lu\u2022e\u2022s autour d\u2019un jeu vid\u00e9o ? Notre adjoint \u00e0 la qualit\u00e9 du service public et \u00e0 la lutte contre la fracture num\u00e9rique Ga\u00ebtan Constant lance, avec la Ville de Villeurbanne, une s\u00e9rie de directs Twitch&#8230;.<\/p>\n","protected":false},"author":1,"featured_media":182,"comment_status":"open","ping_status":"open","sticky":false,"template":"","format":"standard","meta":[],"categories":[5],"tags":[36,86],"_links":{"self":[{"href":"https:\/\/villeurbanne-insoumise-ensemble.fr\/index.php?rest_route=\/wp\/v2\/posts\/177"}],"collection":[{"href":"https:\/\/villeurbanne-insoumise-ensemble.fr\/index.php?rest_route=\/wp\/v2\/posts"}],"about":[{"href":"https:\/\/villeurbanne-insoumise-ensemble.fr\/index.php?rest_route=\/wp\/v2\/types\/post"}],"author":[{"embeddable":true,"href":"https:\/\/villeurbanne-insoumise-ensemble.fr\/index.php?rest_route=\/wp\/v2\/users\/1"}],"replies":[{"embeddable":true,"href":"https:\/\/villeurbanne-insoumise-ensemble.fr\/index.php?rest_route=%2Fwp%2Fv2%2Fcomments&post=177"}],"version-history":[{"count":4,"href":"https:\/\/villeurbanne-insoumise-ensemble.fr\/index.php?rest_route=\/wp\/v2\/posts\/177\/revisions"}],"predecessor-version":[{"id":187,"href":"https:\/\/villeurbanne-insoumise-ensemble.fr\/index.php?rest_route=\/wp\/v2\/posts\/177\/revisions\/187"}],"wp:featuredmedia":[{"embeddable":true,"href":"https:\/\/villeurbanne-insoumise-ensemble.fr\/index.php?rest_route=\/wp\/v2\/media\/182"}],"wp:attachment":[{"href":"https:\/\/villeurbanne-insoumise-ensemble.fr\/index.php?rest_route=%2Fwp%2Fv2%2Fmedia&parent=177"}],"wp:term":[{"taxonomy":"category","embeddable":true,"href":"https:\/\/villeurbanne-insoumise-ensemble.fr\/index.php?rest_route=%2Fwp%2Fv2%2Fcategories&post=177"},{"taxonomy":"post_tag","embeddable":true,"href":"https:\/\/villeurbanne-insoumise-ensemble.fr\/index.php?rest_route=%2Fwp%2Fv2%2Ftags&post=177"}],"curies":[{"name":"wp","href":"https:\/\/api.w.org\/{rel}","templated":true}]}}