{"id":1764,"date":"2024-04-08T14:46:12","date_gmt":"2024-04-08T12:46:12","guid":{"rendered":"https:\/\/villeurbanne-insoumise-ensemble.fr\/?p=1764"},"modified":"2024-09-16T16:20:07","modified_gmt":"2024-09-16T14:20:07","slug":"halte-aux-massacres-a-gaza-cessez-le-feu-immediat-et-liberation-des-otages","status":"publish","type":"post","link":"https:\/\/villeurbanne-insoumise-ensemble.fr\/?p=1764","title":{"rendered":"Halte aux massacres \u00e0 Gaza ! Cessez-le-feu imm\u00e9diat et lib\u00e9ration des otages !"},"content":{"rendered":"\n<figure class=\"wp-block-image size-large\"><img loading=\"lazy\" width=\"724\" height=\"1024\" src=\"https:\/\/villeurbanne-insoumise-ensemble.fr\/wp-content\/uploads\/2024\/04\/CP_04.24_Halte-aux-massacres-a-Gaza-1-724x1024.png\" alt=\"\" class=\"wp-image-1765\" srcset=\"https:\/\/villeurbanne-insoumise-ensemble.fr\/wp-content\/uploads\/2024\/04\/CP_04.24_Halte-aux-massacres-a-Gaza-1-724x1024.png 724w, https:\/\/villeurbanne-insoumise-ensemble.fr\/wp-content\/uploads\/2024\/04\/CP_04.24_Halte-aux-massacres-a-Gaza-1-212x300.png 212w, https:\/\/villeurbanne-insoumise-ensemble.fr\/wp-content\/uploads\/2024\/04\/CP_04.24_Halte-aux-massacres-a-Gaza-1-768x1086.png 768w, https:\/\/villeurbanne-insoumise-ensemble.fr\/wp-content\/uploads\/2024\/04\/CP_04.24_Halte-aux-massacres-a-Gaza-1-1086x1536.png 1086w, https:\/\/villeurbanne-insoumise-ensemble.fr\/wp-content\/uploads\/2024\/04\/CP_04.24_Halte-aux-massacres-a-Gaza-1-1448x2048.png 1448w, https:\/\/villeurbanne-insoumise-ensemble.fr\/wp-content\/uploads\/2024\/04\/CP_04.24_Halte-aux-massacres-a-Gaza-1-300x424.png 300w, https:\/\/villeurbanne-insoumise-ensemble.fr\/wp-content\/uploads\/2024\/04\/CP_04.24_Halte-aux-massacres-a-Gaza-1-850x1202.png 850w, https:\/\/villeurbanne-insoumise-ensemble.fr\/wp-content\/uploads\/2024\/04\/CP_04.24_Halte-aux-massacres-a-Gaza-1.png 1654w\" sizes=\"(max-width: 724px) 100vw, 724px\" \/><\/figure>\n\n\n\n<figure class=\"wp-block-image size-large\"><img loading=\"lazy\" width=\"724\" height=\"1024\" src=\"https:\/\/villeurbanne-insoumise-ensemble.fr\/wp-content\/uploads\/2024\/04\/CP_04.24_Halte-aux-massacres-a-Gaza-2-724x1024.png\" alt=\"\" class=\"wp-image-1766\" srcset=\"https:\/\/villeurbanne-insoumise-ensemble.fr\/wp-content\/uploads\/2024\/04\/CP_04.24_Halte-aux-massacres-a-Gaza-2-724x1024.png 724w, https:\/\/villeurbanne-insoumise-ensemble.fr\/wp-content\/uploads\/2024\/04\/CP_04.24_Halte-aux-massacres-a-Gaza-2-212x300.png 212w, https:\/\/villeurbanne-insoumise-ensemble.fr\/wp-content\/uploads\/2024\/04\/CP_04.24_Halte-aux-massacres-a-Gaza-2-768x1086.png 768w, https:\/\/villeurbanne-insoumise-ensemble.fr\/wp-content\/uploads\/2024\/04\/CP_04.24_Halte-aux-massacres-a-Gaza-2-1086x1536.png 1086w, https:\/\/villeurbanne-insoumise-ensemble.fr\/wp-content\/uploads\/2024\/04\/CP_04.24_Halte-aux-massacres-a-Gaza-2-1448x2048.png 1448w, https:\/\/villeurbanne-insoumise-ensemble.fr\/wp-content\/uploads\/2024\/04\/CP_04.24_Halte-aux-massacres-a-Gaza-2-300x424.png 300w, https:\/\/villeurbanne-insoumise-ensemble.fr\/wp-content\/uploads\/2024\/04\/CP_04.24_Halte-aux-massacres-a-Gaza-2-850x1202.png 850w, https:\/\/villeurbanne-insoumise-ensemble.fr\/wp-content\/uploads\/2024\/04\/CP_04.24_Halte-aux-massacres-a-Gaza-2.png 1654w\" sizes=\"(max-width: 724px) 100vw, 724px\" \/><\/figure>\n","protected":false},"excerpt":{"rendered":"<p>Depuis le 7 octobre, en r\u00e9ponse aux crimes de guerre et prises d\u2019otages commis par le Hamas destin\u00e9s \u00e0 semer la terreur, le gouvernement isra\u00e9lien s\u2019est lanc\u00e9 dans une guerre vengeresse et aveugle contre l\u2019ensemble de la population palestinienne. Depuis cinq mois, les bombardements tuent indistinctement civils, enfants, personnels humanitaires et journalistes.<\/p>\n","protected":false},"author":1,"featured_media":0,"comment_status":"open","ping_status":"open","sticky":false,"template":"","format":"standard","meta":[],"categories":[5,20],"tags":[],"_links":{"self":[{"href":"https:\/\/villeurbanne-insoumise-ensemble.fr\/index.php?rest_route=\/wp\/v2\/posts\/1764"}],"collection":[{"href":"https:\/\/villeurbanne-insoumise-ensemble.fr\/index.php?rest_route=\/wp\/v2\/posts"}],"about":[{"href":"https:\/\/villeurbanne-insoumise-ensemble.fr\/index.php?rest_route=\/wp\/v2\/types\/post"}],"author":[{"embeddable":true,"href":"https:\/\/villeurbanne-insoumise-ensemble.fr\/index.php?rest_route=\/wp\/v2\/users\/1"}],"replies":[{"embeddable":true,"href":"https:\/\/villeurbanne-insoumise-ensemble.fr\/index.php?rest_route=%2Fwp%2Fv2%2Fcomments&post=1764"}],"version-history":[{"count":2,"href":"https:\/\/villeurbanne-insoumise-ensemble.fr\/index.php?rest_route=\/wp\/v2\/posts\/1764\/revisions"}],"predecessor-version":[{"id":1906,"href":"https:\/\/villeurbanne-insoumise-ensemble.fr\/index.php?rest_route=\/wp\/v2\/posts\/1764\/revisions\/1906"}],"wp:attachment":[{"href":"https:\/\/villeurbanne-insoumise-ensemble.fr\/index.php?rest_route=%2Fwp%2Fv2%2Fmedia&parent=1764"}],"wp:term":[{"taxonomy":"category","embeddable":true,"href":"https:\/\/villeurbanne-insoumise-ensemble.fr\/index.php?rest_route=%2Fwp%2Fv2%2Fcategories&post=1764"},{"taxonomy":"post_tag","embeddable":true,"href":"https:\/\/villeurbanne-insoumise-ensemble.fr\/index.php?rest_route=%2Fwp%2Fv2%2Ftags&post=1764"}],"curies":[{"name":"wp","href":"https:\/\/api.w.org\/{rel}","templated":true}]}}