{"id":1761,"date":"2024-03-01T15:08:00","date_gmt":"2024-03-01T14:08:00","guid":{"rendered":"https:\/\/villeurbanne-insoumise-ensemble.fr\/?p=1761"},"modified":"2024-03-05T15:13:22","modified_gmt":"2024-03-05T14:13:22","slug":"gratte-ciel-entre-heritage-transformation-et-transmission","status":"publish","type":"post","link":"https:\/\/villeurbanne-insoumise-ensemble.fr\/?p=1761","title":{"rendered":"Gratte-Ciel : entre h\u00e9ritage, transformation et transmission"},"content":{"rendered":"\n<p><em>Tribune de la majorit\u00e9 municipale &#8211; suppl\u00e9ment &#8220;Quartier Gratte-Ciel&#8221; du VIVA de mars 2024<\/em><\/p>\n\n\n\n<p>C&#8217;est presque 100 ans apr\u00e8s la r\u00e9alisation de l\u2019\u0153uvre de Lazare Goujon et M\u00f4rice Leroux que les Gratte-Ciel seront doubl\u00e9s au nord, multipliant la surface du centre-ville villeurbannais par deux.<\/p>\n\n\n\n<p>L&#8217;esprit de leur \u00e9difice populaire est respect\u00e9 : 60% des 832 futurs logements seront aid\u00e9s \u2013 bail r\u00e9el solidaire, participatifs, sociaux, ou \u00e9tudiants. Ils seront accompagn\u00e9s de nouveaux services publics dont certains, comme le lyc\u00e9e, le gymnase ou l&#8217;\u00e9cole sont d\u00e9j\u00e0 r\u00e9alis\u00e9s.<\/p>\n\n\n\n<p>L&#8217;ampleur de cette m\u00e9tamorphose ne doit pas faire oublier les autres changements en cours, en accord avec les trois transitions sociale, \u00e9cologique et d\u00e9mocratique de notre majorit\u00e9.<\/p>\n\n\n\n<p>Sociale, avec les \u00e9v\u00e9nements gratuits organis\u00e9s en centre-ville ou encore le programme Archipel, un p\u00f4le d\u00e9di\u00e9 \u00e0 la lutte contre la pr\u00e9carit\u00e9 alimentaire o\u00f9 viennent manger et cuisiner des dizaines de personnes. La r\u00e9novation de la place Rapha\u00ebl de Barros y ajoutera de nouveaux usages sportifs, culturels et de repos.<\/p>\n\n\n\n<p>\u00c9cologique, avec l&#8217;arriv\u00e9e du T6 et de la voie lyonnaise 4 en 2026, ou la place donn\u00e9e aux pi\u00e9tons avec la pi\u00e9tonisation d&#8217;une partie des Gratte-Ciel historiques. Face au r\u00e9chauffement climatique, nous acc\u00e9l\u00e9rons la v\u00e9g\u00e9talisation, place Chanoine-Boursier et Mend\u00e8s-France, la cr\u00e9ation du parc ACI de 2 hectares et l&#8217;espace vert rue Mansard. Enfin, les b\u00e2timents seront performants \u00e9nerg\u00e9tiquement et construits le plus sobrement possible.<\/p>\n\n\n\n<p>D\u00e9mocratique enfin, car informer n&#8217;est pas suffisant : il faut aussi prendre en compte l&#8217;avis des Villeurbannais\u00b7es pour cr\u00e9er des projets d&#8217;int\u00e9r\u00eat g\u00e9n\u00e9ral. Nous mettons en place des r\u00e9unions publiques, conf\u00e9rences de consensus ou ateliers participatifs pour r\u00e9fl\u00e9chir au centre-ville de demain. C&#8217;est tout l&#8217;objet des discussions en cours sur le projet Villeurbanne Grand Centre.<\/p>\n","protected":false},"excerpt":{"rendered":"<p>Tribune de la majorit\u00e9 municipale &#8211; suppl\u00e9ment &#8220;Quartier Gratte-Ciel&#8221; du VIVA de mars 2024 C&#8217;est presque 100 ans apr\u00e8s la r\u00e9alisation de l\u2019\u0153uvre de Lazare Goujon et M\u00f4rice Leroux que les Gratte-Ciel seront doubl\u00e9s au nord, multipliant la surface du centre-ville villeurbannais par deux. L&#8217;esprit de leur \u00e9difice populaire est respect\u00e9 : 60% des 832&#8230;<\/p>\n","protected":false},"author":1,"featured_media":0,"comment_status":"open","ping_status":"open","sticky":false,"template":"","format":"standard","meta":[],"categories":[191,17],"tags":[],"_links":{"self":[{"href":"https:\/\/villeurbanne-insoumise-ensemble.fr\/index.php?rest_route=\/wp\/v2\/posts\/1761"}],"collection":[{"href":"https:\/\/villeurbanne-insoumise-ensemble.fr\/index.php?rest_route=\/wp\/v2\/posts"}],"about":[{"href":"https:\/\/villeurbanne-insoumise-ensemble.fr\/index.php?rest_route=\/wp\/v2\/types\/post"}],"author":[{"embeddable":true,"href":"https:\/\/villeurbanne-insoumise-ensemble.fr\/index.php?rest_route=\/wp\/v2\/users\/1"}],"replies":[{"embeddable":true,"href":"https:\/\/villeurbanne-insoumise-ensemble.fr\/index.php?rest_route=%2Fwp%2Fv2%2Fcomments&post=1761"}],"version-history":[{"count":1,"href":"https:\/\/villeurbanne-insoumise-ensemble.fr\/index.php?rest_route=\/wp\/v2\/posts\/1761\/revisions"}],"predecessor-version":[{"id":1762,"href":"https:\/\/villeurbanne-insoumise-ensemble.fr\/index.php?rest_route=\/wp\/v2\/posts\/1761\/revisions\/1762"}],"wp:attachment":[{"href":"https:\/\/villeurbanne-insoumise-ensemble.fr\/index.php?rest_route=%2Fwp%2Fv2%2Fmedia&parent=1761"}],"wp:term":[{"taxonomy":"category","embeddable":true,"href":"https:\/\/villeurbanne-insoumise-ensemble.fr\/index.php?rest_route=%2Fwp%2Fv2%2Fcategories&post=1761"},{"taxonomy":"post_tag","embeddable":true,"href":"https:\/\/villeurbanne-insoumise-ensemble.fr\/index.php?rest_route=%2Fwp%2Fv2%2Ftags&post=1761"}],"curies":[{"name":"wp","href":"https:\/\/api.w.org\/{rel}","templated":true}]}}