{"id":174,"date":"2021-04-01T10:14:00","date_gmt":"2021-04-01T08:14:00","guid":{"rendered":"http:\/\/villeurbanne-insoumise-ensemble.fr\/?p=174"},"modified":"2023-11-22T15:49:47","modified_gmt":"2023-11-22T14:49:47","slug":"videosurveillance-qui-big-brother-regarde-t-il","status":"publish","type":"post","link":"https:\/\/villeurbanne-insoumise-ensemble.fr\/?p=174","title":{"rendered":"Vid\u00e9osurveillance : qui Big Brother regarde-t-il ?"},"content":{"rendered":"\n<p>Dans notre soci\u00e9t\u00e9 urbanis\u00e9e o\u00f9 l&#8217;anonymat r\u00e8gne et o\u00f9 le contr\u00f4le technologique s&#8217;accro\u00eet, il n&#8217;est pas \u00e9tonnant qu&#8217;\u00e0 la peur de l&#8217;autre, on oppose la r\u00e9ponse technique de la vid\u00e9osurveillance. Son objectif premier est de lutter contre les pratiques de d\u00e9linquance. Mais est-elle la meilleure solution pour cela ?<\/p>\n\n\n\n<p>La Cour des comptes estime en 2008 que les cam\u00e9ras de vid\u00e9osurveillance ne sont d\u00e9cisives pour \u00e9lucider les faits de d\u00e9linquance que dans 3% des cas. Elles ne sont efficaces qu&#8217;\u00e0 certaines conditions : les d\u00e9lits ne doivent pas pouvoir \u00eatre d\u00e9localis\u00e9s, ils seront sinon r\u00e9alis\u00e9s ailleurs, et la cha\u00eene judiciaire doit fonctionner correctement, car si la police ne r\u00e9clame pas les images, elles seront tr\u00e8s souvent inutilis\u00e9es.<\/p>\n\n\n\n<p>L&#8217;implantation de ces cam\u00e9ras en dit beaucoup sur les comportements admis dans un espace et ceux qui semblent ind\u00e9sirables. Les gestionnaires des centres ne peuvent pas visualiser toutes les images en m\u00eame temps. Il leur faut donc choisir des espaces particuliers \u00e0 surveiller en fonction de leur niveau de \u00ab risque \u00bb. Ce sont eux qui doivent appr\u00e9cier si un comportement est ou non \u00ab \u00e0 risque \u00bb, c\u2019est-\u00e0-dire en-dehors des codes de la soci\u00e9t\u00e9. Plus que des actes jug\u00e9s d\u00e9viants, ce sont donc les comportements per\u00e7us comme ins\u00e9curisants qui sont observ\u00e9s, comme par exemple des attroupements de jeunes. Comment ne pas craindre que les cam\u00e9ras n&#8217;augmentent les discriminations dont sont victimes les personnes qui ne suivent pas les normes sociales implicites dominantes ?<\/p>\n\n\n\n<p>La vid\u00e9osurveillance constitue une r\u00e9ponse technologique simple(-iste) au probl\u00e8me complexe de l\u2019ins\u00e9curit\u00e9, dont les v\u00e9ritables origine ne sont pas trait\u00e9es. Les populations qu\u2019elle cible sont souvent celles qui sont marginalis\u00e9es dans notre soci\u00e9t\u00e9, celles qui vivent dans les quartiers populaires. Pourtant, le malaise social d\u00e9pend de trois processus que la vid\u00e9osurveillance ne r\u00e9sout pas : ch\u00f4mage d\u2019exclusion, crise du logement social, et discriminations croissantes.<\/p>\n","protected":false},"excerpt":{"rendered":"<p>Dans notre soci\u00e9t\u00e9 urbanis\u00e9e o\u00f9 l&#8217;anonymat r\u00e8gne et o\u00f9 le contr\u00f4le technologique s&#8217;accro\u00eet, il n&#8217;est pas \u00e9tonnant qu&#8217;\u00e0 la peur de l&#8217;autre, on oppose la r\u00e9ponse technique de la vid\u00e9osurveillance. Son objectif premier est de lutter contre les pratiques de d\u00e9linquance. Mais est-elle la meilleure solution pour cela ? La Cour des comptes estime en&#8230;<\/p>\n","protected":false},"author":1,"featured_media":0,"comment_status":"open","ping_status":"open","sticky":false,"template":"","format":"standard","meta":[],"categories":[19,17],"tags":[184],"_links":{"self":[{"href":"https:\/\/villeurbanne-insoumise-ensemble.fr\/index.php?rest_route=\/wp\/v2\/posts\/174"}],"collection":[{"href":"https:\/\/villeurbanne-insoumise-ensemble.fr\/index.php?rest_route=\/wp\/v2\/posts"}],"about":[{"href":"https:\/\/villeurbanne-insoumise-ensemble.fr\/index.php?rest_route=\/wp\/v2\/types\/post"}],"author":[{"embeddable":true,"href":"https:\/\/villeurbanne-insoumise-ensemble.fr\/index.php?rest_route=\/wp\/v2\/users\/1"}],"replies":[{"embeddable":true,"href":"https:\/\/villeurbanne-insoumise-ensemble.fr\/index.php?rest_route=%2Fwp%2Fv2%2Fcomments&post=174"}],"version-history":[{"count":2,"href":"https:\/\/villeurbanne-insoumise-ensemble.fr\/index.php?rest_route=\/wp\/v2\/posts\/174\/revisions"}],"predecessor-version":[{"id":1120,"href":"https:\/\/villeurbanne-insoumise-ensemble.fr\/index.php?rest_route=\/wp\/v2\/posts\/174\/revisions\/1120"}],"wp:attachment":[{"href":"https:\/\/villeurbanne-insoumise-ensemble.fr\/index.php?rest_route=%2Fwp%2Fv2%2Fmedia&parent=174"}],"wp:term":[{"taxonomy":"category","embeddable":true,"href":"https:\/\/villeurbanne-insoumise-ensemble.fr\/index.php?rest_route=%2Fwp%2Fv2%2Fcategories&post=174"},{"taxonomy":"post_tag","embeddable":true,"href":"https:\/\/villeurbanne-insoumise-ensemble.fr\/index.php?rest_route=%2Fwp%2Fv2%2Ftags&post=174"}],"curies":[{"name":"wp","href":"https:\/\/api.w.org\/{rel}","templated":true}]}}