{"id":1732,"date":"2024-02-14T16:50:12","date_gmt":"2024-02-14T15:50:12","guid":{"rendered":"http:\/\/villeurbanne-insoumise-ensemble.fr\/?p=1732"},"modified":"2024-02-14T16:50:13","modified_gmt":"2024-02-14T15:50:13","slug":"avec-la-komune-nous-trouvons-dautres-solutions-dhebergement","status":"publish","type":"post","link":"https:\/\/villeurbanne-insoumise-ensemble.fr\/?p=1732","title":{"rendered":"Avec La Komune, nous trouvons d&#8217;autres solutions d&#8217;h\u00e9bergement"},"content":{"rendered":"\n<p><em>Par Mathieu GARABEDIAN<\/em><\/p>\n\n\n\n<figure class=\"wp-block-embed is-type-video is-provider-youtube wp-block-embed-youtube wp-embed-aspect-16-9 wp-has-aspect-ratio\"><div class=\"wp-block-embed__wrapper\">\n<iframe loading=\"lazy\" title=\"Mathieu GARABEDIAN - Avec La Komune, nous trouvons d&#039;autres solutions d&#039;h\u00e9bergement\" width=\"640\" height=\"360\" src=\"https:\/\/www.youtube.com\/embed\/WKGK5FVQwos?feature=oembed\" frameborder=\"0\" allow=\"accelerometer; autoplay; clipboard-write; encrypted-media; gyroscope; picture-in-picture; web-share\" allowfullscreen><\/iframe>\n<\/div><\/figure>\n\n\n\n<p>Il s&#8217;agit d&#8217;une subvention pour l&#8217;association La Komune qui est en train d&#8217;obtenir un accord avec le groupe Vinci pour une convention d&#8217;occupation temporaire sur le b\u00e2timent de l&#8217;ex-CCO rue Courteline que vous connaissez toutes et tous.<\/p>\n\n\n\n<p>Il s&#8217;agit d&#8217;une subvention pour soutenir cette association dans l&#8217;occupation temporaire qui doit permettre d&#8217;accueillir les personnes qui initialement occupaient le CCVA, donc majoritairement des femmes et des enfants. Une soixantaine avait pu \u00eatre h\u00e9berg\u00e9e dans un centre d&#8217;h\u00e9bergement temporaire qui a ouvert sur le quartier de Cusset et pour les autres personnes qui ont \u00e9t\u00e9 jug\u00e9es non vuln\u00e9rables, les enfants et les femmes jug\u00e9es non vuln\u00e9rables \u00e0 la rue par l\u2019\u00c9tat, il s&#8217;agissait de pouvoir trouver d&#8217;autres solutions d&#8217;h\u00e9bergement. Donc cette association se propose de porter cette convention et la ville se propose de pouvoir la soutenir pour garantir au mieux la dignit\u00e9 de l&#8217;h\u00e9bergement dans ce b\u00e2timent.<\/p>\n","protected":false},"excerpt":{"rendered":"<p>Par Mathieu GARABEDIAN Il s&#8217;agit d&#8217;une subvention pour l&#8217;association La Komune qui est en train d&#8217;obtenir un accord avec le groupe Vinci pour une convention d&#8217;occupation temporaire sur le b\u00e2timent de l&#8217;ex-CCO rue Courteline que vous connaissez toutes et tous. Il s&#8217;agit d&#8217;une subvention pour soutenir cette association dans l&#8217;occupation temporaire qui doit permettre d&#8217;accueillir&#8230;<\/p>\n","protected":false},"author":1,"featured_media":0,"comment_status":"open","ping_status":"open","sticky":false,"template":"","format":"standard","meta":[],"categories":[192,7],"tags":[53,180],"_links":{"self":[{"href":"https:\/\/villeurbanne-insoumise-ensemble.fr\/index.php?rest_route=\/wp\/v2\/posts\/1732"}],"collection":[{"href":"https:\/\/villeurbanne-insoumise-ensemble.fr\/index.php?rest_route=\/wp\/v2\/posts"}],"about":[{"href":"https:\/\/villeurbanne-insoumise-ensemble.fr\/index.php?rest_route=\/wp\/v2\/types\/post"}],"author":[{"embeddable":true,"href":"https:\/\/villeurbanne-insoumise-ensemble.fr\/index.php?rest_route=\/wp\/v2\/users\/1"}],"replies":[{"embeddable":true,"href":"https:\/\/villeurbanne-insoumise-ensemble.fr\/index.php?rest_route=%2Fwp%2Fv2%2Fcomments&post=1732"}],"version-history":[{"count":1,"href":"https:\/\/villeurbanne-insoumise-ensemble.fr\/index.php?rest_route=\/wp\/v2\/posts\/1732\/revisions"}],"predecessor-version":[{"id":1733,"href":"https:\/\/villeurbanne-insoumise-ensemble.fr\/index.php?rest_route=\/wp\/v2\/posts\/1732\/revisions\/1733"}],"wp:attachment":[{"href":"https:\/\/villeurbanne-insoumise-ensemble.fr\/index.php?rest_route=%2Fwp%2Fv2%2Fmedia&parent=1732"}],"wp:term":[{"taxonomy":"category","embeddable":true,"href":"https:\/\/villeurbanne-insoumise-ensemble.fr\/index.php?rest_route=%2Fwp%2Fv2%2Fcategories&post=1732"},{"taxonomy":"post_tag","embeddable":true,"href":"https:\/\/villeurbanne-insoumise-ensemble.fr\/index.php?rest_route=%2Fwp%2Fv2%2Ftags&post=1732"}],"curies":[{"name":"wp","href":"https:\/\/api.w.org\/{rel}","templated":true}]}}