{"id":1728,"date":"2024-02-14T16:46:54","date_gmt":"2024-02-14T15:46:54","guid":{"rendered":"http:\/\/villeurbanne-insoumise-ensemble.fr\/?p=1728"},"modified":"2024-02-14T16:46:55","modified_gmt":"2024-02-14T15:46:55","slug":"nous-aidons-au-demenagement-denjoue","status":"publish","type":"post","link":"https:\/\/villeurbanne-insoumise-ensemble.fr\/?p=1728","title":{"rendered":"Nous aidons au d\u00e9m\u00e9nagement d&#8217;Enjou\u00e9"},"content":{"rendered":"\n<p><em>Par Mathieu GARABEDIAN<\/em><\/p>\n\n\n\n<figure class=\"wp-block-embed is-type-video is-provider-youtube wp-block-embed-youtube wp-embed-aspect-16-9 wp-has-aspect-ratio\"><div class=\"wp-block-embed__wrapper\">\n<iframe loading=\"lazy\" title=\"Mathieu GARABEDIAN - Nous aidons au d\u00e9m\u00e9nagement d&#039;Enjou\u00e9\" width=\"640\" height=\"360\" src=\"https:\/\/www.youtube.com\/embed\/JQ46X59vkhM?feature=oembed\" frameborder=\"0\" allow=\"accelerometer; autoplay; clipboard-write; encrypted-media; gyroscope; picture-in-picture; web-share\" allowfullscreen><\/iframe>\n<\/div><\/figure>\n\n\n\n<p>Il s&#8217;agit d&#8217;accompagner le d\u00e9m\u00e9nagement de l&#8217;entreprise \u00e0 but d&#8217;emploi Enjou\u00e9, qui est l&#8217;une des trois entreprises \u00e0 but d&#8217;emploi du Territoire Z\u00e9ro Ch\u00f4meurs de longue dur\u00e9e de Saint-Jean. C&#8217;est un d\u00e9m\u00e9nagement qui va avoir lieu dans les halles du b\u00e2timent dit \u00ab\u00a022 D\u00a0\u00bb en occupation temporaire et qui doit permettre d&#8217;ici 2027 de recruter 50 nouvelles personnes. Je rappelle que c&#8217;est une entreprise qui s&#8217;est sp\u00e9cialis\u00e9e sur l&#8217;\u00e9conomie circulaire des jeux et des jouets et qui va \u00eatre au sein de l&#8217;occupation temporaire en lien avec la plateforme ILO\u00c9 qui est une plateforme historique de la m\u00e9tropole pour l&#8217;\u00e9conomie circulaire et qu&#8217;on est tr\u00e8s contents de pouvoir avoir ce voisinage qui se cr\u00e9\u00e9 sur place. Il va y avoir d&#8217;autres acteurs de l&#8217;\u00e9conomie sociale solidaire et de l&#8217;\u00e9conomie circulaire sur place. Et donc on a souhait\u00e9 accompagner ce d\u00e9m\u00e9nagement par de la mise \u00e0 disposition de modulaires qui permettront d&#8217;accueillir les salari\u00e9s dans de bonnes conditions.<\/p>\n","protected":false},"excerpt":{"rendered":"<p>Par Mathieu GARABEDIAN Il s&#8217;agit d&#8217;accompagner le d\u00e9m\u00e9nagement de l&#8217;entreprise \u00e0 but d&#8217;emploi Enjou\u00e9, qui est l&#8217;une des trois entreprises \u00e0 but d&#8217;emploi du Territoire Z\u00e9ro Ch\u00f4meurs de longue dur\u00e9e de Saint-Jean. C&#8217;est un d\u00e9m\u00e9nagement qui va avoir lieu dans les halles du b\u00e2timent dit \u00ab\u00a022 D\u00a0\u00bb en occupation temporaire et qui doit permettre d&#8217;ici&#8230;<\/p>\n","protected":false},"author":1,"featured_media":0,"comment_status":"open","ping_status":"open","sticky":false,"template":"","format":"standard","meta":[],"categories":[192,7],"tags":[125,182],"_links":{"self":[{"href":"https:\/\/villeurbanne-insoumise-ensemble.fr\/index.php?rest_route=\/wp\/v2\/posts\/1728"}],"collection":[{"href":"https:\/\/villeurbanne-insoumise-ensemble.fr\/index.php?rest_route=\/wp\/v2\/posts"}],"about":[{"href":"https:\/\/villeurbanne-insoumise-ensemble.fr\/index.php?rest_route=\/wp\/v2\/types\/post"}],"author":[{"embeddable":true,"href":"https:\/\/villeurbanne-insoumise-ensemble.fr\/index.php?rest_route=\/wp\/v2\/users\/1"}],"replies":[{"embeddable":true,"href":"https:\/\/villeurbanne-insoumise-ensemble.fr\/index.php?rest_route=%2Fwp%2Fv2%2Fcomments&post=1728"}],"version-history":[{"count":1,"href":"https:\/\/villeurbanne-insoumise-ensemble.fr\/index.php?rest_route=\/wp\/v2\/posts\/1728\/revisions"}],"predecessor-version":[{"id":1729,"href":"https:\/\/villeurbanne-insoumise-ensemble.fr\/index.php?rest_route=\/wp\/v2\/posts\/1728\/revisions\/1729"}],"wp:attachment":[{"href":"https:\/\/villeurbanne-insoumise-ensemble.fr\/index.php?rest_route=%2Fwp%2Fv2%2Fmedia&parent=1728"}],"wp:term":[{"taxonomy":"category","embeddable":true,"href":"https:\/\/villeurbanne-insoumise-ensemble.fr\/index.php?rest_route=%2Fwp%2Fv2%2Fcategories&post=1728"},{"taxonomy":"post_tag","embeddable":true,"href":"https:\/\/villeurbanne-insoumise-ensemble.fr\/index.php?rest_route=%2Fwp%2Fv2%2Ftags&post=1728"}],"curies":[{"name":"wp","href":"https:\/\/api.w.org\/{rel}","templated":true}]}}