{"id":1726,"date":"2024-02-14T16:44:54","date_gmt":"2024-02-14T15:44:54","guid":{"rendered":"http:\/\/villeurbanne-insoumise-ensemble.fr\/?p=1726"},"modified":"2024-02-14T16:44:55","modified_gmt":"2024-02-14T15:44:55","slug":"le-conseil-municipal-doit-se-prononcer-sur-les-mecenes","status":"publish","type":"post","link":"https:\/\/villeurbanne-insoumise-ensemble.fr\/?p=1726","title":{"rendered":"Le Conseil municipal doit se prononcer sur les m\u00e9c\u00e8nes !"},"content":{"rendered":"\n<p><em>Par Julien RAVELLO<\/em><\/p>\n\n\n\n<figure class=\"wp-block-embed is-type-video is-provider-youtube wp-block-embed-youtube wp-embed-aspect-16-9 wp-has-aspect-ratio\"><div class=\"wp-block-embed__wrapper\">\n<iframe loading=\"lazy\" title=\"Julien RAVELLO - Le Conseil Municipal doit se prononcer sur les m\u00e9c\u00e8nes !\" width=\"640\" height=\"360\" src=\"https:\/\/www.youtube.com\/embed\/o-hIdC_NG30?feature=oembed\" frameborder=\"0\" allow=\"accelerometer; autoplay; clipboard-write; encrypted-media; gyroscope; picture-in-picture; web-share\" allowfullscreen><\/iframe>\n<\/div><\/figure>\n\n\n\n<p>En mai 2021, Agathe Fort intervenait sur le sujet du m\u00e9c\u00e9nat dans le cadre de Capitale Fran\u00e7aise de la Culture pour notre groupe. Cette intervention se terminait par cette phrase : <em>\u00ab les affaires de l\u2019esprit doivent \u00eatre lib\u00e9r\u00e9es de l\u2019esprit des affaires ! \u00bb<\/em><\/p>\n\n\n\n<p>Le m\u00e9c\u00e9nat, qui consiste \u00e0 trouver des financements priv\u00e9s pour des actions d&#8217;int\u00e9r\u00eat g\u00e9n\u00e9ral des collectivit\u00e9s locales, est r\u00e9v\u00e9lateur des d\u00e9faillances financi\u00e8res de nos politiques publiques et du retrait des financements de l\u2019\u00c9tat dans le budget des collectivit\u00e9s locales (d\u00e9sol\u00e9 monsieur KABALO, mais c&#8217;est effectivement l&#8217;un de nos arguments). Au fond, n&#8217;est-ce pas une strat\u00e9gie d\u00e9lib\u00e9r\u00e9e du gouvernement : favoriser le priv\u00e9 plut\u00f4t que le service public que l\u2019\u00c9tat ne cesse de d\u00e9truire ?<\/p>\n\n\n\n<p>Nous souhaitons pointer les risques du m\u00e9c\u00e9nat \u00e0 moyen et long terme. Quelle limite impose-t-on pour les types de m\u00e9c\u00e8nes ? Quelle contrepartie ? Est-ce que les entreprises priv\u00e9es font du m\u00e9c\u00e9nat de mani\u00e8re totalement d\u00e9sint\u00e9ress\u00e9e ?<\/p>\n\n\n\n<p>Les participations de fondations priv\u00e9es sous formes de m\u00e9c\u00e9nat aux manifestations culturelles, ne participent pas d\u2019une action philanthropique d\u2019envergure mais bien d\u2019un moyen de d\u00e9fiscalisation \u00e0 grande \u00e9chelle. D&#8217;ailleurs, la d\u00e9lib\u00e9ration, permet aux dits m\u00e9c\u00e8nes de b\u00e9n\u00e9ficier de 60 % de d\u00e9fiscalisation de leur don. Notre position sur le sujet serait d&#8217;abolir ces privil\u00e8ges fiscaux li\u00e9s au m\u00e9c\u00e9nat.<\/p>\n\n\n\n<p>Enfin, cette d\u00e9lib\u00e9ration nous d\u00e9range \u00e9galement sur deux autres points plus pr\u00e9cis. D&#8217;une part, parce qu&#8217;il est \u00e9voqu\u00e9 la recherche de financement sous forme de m\u00e9c\u00e9nat, en soutien aux programmes d\u2019actions et \u00e9v\u00e9nementiels de l\u2019ensemble des directions municipales. C&#8217;est tr\u00e8s large. Nous aimerions savoir de quelles actions il s\u2019agit ? Est-ce que cela d\u00e9passe le cadre des \u00e9v\u00e9nements culturels ? De quoi parle-t-on ?<\/p>\n\n\n\n<p>Et d&#8217;autre part, et c&#8217;est presque la remarque la plus importante de la d\u00e9lib\u00e9ration, c&#8217;est parce qu&#8217;elle acte une libert\u00e9 totale au Maire pour solliciter les m\u00e9c\u00e8nes et signer des conventions avec eux sans repasser en conseil municipal.<\/p>\n\n\n\n<p>Nous voudrions que le Conseil Municipal se prononce sur toute d\u00e9cision concernant l&#8217;arriv\u00e9e d&#8217;un nouveau m\u00e9c\u00e8ne, quel que soit le montant de son apport.<\/p>\n\n\n\n<p>Nous devons \u00eatre extr\u00eamement vigilants sur la progression du m\u00e9c\u00e9nat en France pour pallier aux diminutions des subventionnements publics, notamment dans le domaine de la cr\u00e9ation artistique.<\/p>\n\n\n\n<p>Une fois n&#8217;est pas coutume, pour cette d\u00e9lib\u00e9ration, chaque personne de notre groupe votera selon son souhait.<\/p>\n","protected":false},"excerpt":{"rendered":"<p>Par Julien RAVELLO En mai 2021, Agathe Fort intervenait sur le sujet du m\u00e9c\u00e9nat dans le cadre de Capitale Fran\u00e7aise de la Culture pour notre groupe. Cette intervention se terminait par cette phrase : \u00ab les affaires de l\u2019esprit doivent \u00eatre lib\u00e9r\u00e9es de l\u2019esprit des affaires ! \u00bb Le m\u00e9c\u00e9nat, qui consiste \u00e0 trouver des&#8230;<\/p>\n","protected":false},"author":1,"featured_media":0,"comment_status":"open","ping_status":"open","sticky":false,"template":"","format":"standard","meta":[],"categories":[192,7],"tags":[54,43],"_links":{"self":[{"href":"https:\/\/villeurbanne-insoumise-ensemble.fr\/index.php?rest_route=\/wp\/v2\/posts\/1726"}],"collection":[{"href":"https:\/\/villeurbanne-insoumise-ensemble.fr\/index.php?rest_route=\/wp\/v2\/posts"}],"about":[{"href":"https:\/\/villeurbanne-insoumise-ensemble.fr\/index.php?rest_route=\/wp\/v2\/types\/post"}],"author":[{"embeddable":true,"href":"https:\/\/villeurbanne-insoumise-ensemble.fr\/index.php?rest_route=\/wp\/v2\/users\/1"}],"replies":[{"embeddable":true,"href":"https:\/\/villeurbanne-insoumise-ensemble.fr\/index.php?rest_route=%2Fwp%2Fv2%2Fcomments&post=1726"}],"version-history":[{"count":1,"href":"https:\/\/villeurbanne-insoumise-ensemble.fr\/index.php?rest_route=\/wp\/v2\/posts\/1726\/revisions"}],"predecessor-version":[{"id":1727,"href":"https:\/\/villeurbanne-insoumise-ensemble.fr\/index.php?rest_route=\/wp\/v2\/posts\/1726\/revisions\/1727"}],"wp:attachment":[{"href":"https:\/\/villeurbanne-insoumise-ensemble.fr\/index.php?rest_route=%2Fwp%2Fv2%2Fmedia&parent=1726"}],"wp:term":[{"taxonomy":"category","embeddable":true,"href":"https:\/\/villeurbanne-insoumise-ensemble.fr\/index.php?rest_route=%2Fwp%2Fv2%2Fcategories&post=1726"},{"taxonomy":"post_tag","embeddable":true,"href":"https:\/\/villeurbanne-insoumise-ensemble.fr\/index.php?rest_route=%2Fwp%2Fv2%2Ftags&post=1726"}],"curies":[{"name":"wp","href":"https:\/\/api.w.org\/{rel}","templated":true}]}}