{"id":1724,"date":"2024-02-14T16:42:17","date_gmt":"2024-02-14T15:42:17","guid":{"rendered":"http:\/\/villeurbanne-insoumise-ensemble.fr\/?p=1724"},"modified":"2024-02-14T16:42:18","modified_gmt":"2024-02-14T15:42:18","slug":"de-nouveaux-services-publics-dans-nos-msp","status":"publish","type":"post","link":"https:\/\/villeurbanne-insoumise-ensemble.fr\/?p=1724","title":{"rendered":"De nouveaux services publics dans nos MSP !"},"content":{"rendered":"\n<p><em>Par Ga\u00ebtan CONSTANT<\/em><\/p>\n\n\n\n<figure class=\"wp-block-embed is-type-video is-provider-youtube wp-block-embed-youtube wp-embed-aspect-16-9 wp-has-aspect-ratio\"><div class=\"wp-block-embed__wrapper\">\n<iframe loading=\"lazy\" title=\"Ga\u00ebtan CONSTANT - De nouveaux services publics dans nos MSP !\" width=\"640\" height=\"360\" src=\"https:\/\/www.youtube.com\/embed\/J6mdaYTAStk?feature=oembed\" frameborder=\"0\" allow=\"accelerometer; autoplay; clipboard-write; encrypted-media; gyroscope; picture-in-picture; web-share\" allowfullscreen><\/iframe>\n<\/div><\/figure>\n\n\n\n<p>Pour commencer cette intervention, une petite question surprise, je n&#8217;ai pas le <em>chat<\/em> en direct mais n&#8217;h\u00e9sitez pas \u00e0 faire vos propositions !<\/p>\n\n\n\n<p>Qui a dit ?<\/p>\n\n\n\n<p>\u00ab <em>Plus de proximit\u00e9 et d\u2019humanit\u00e9 d\u2019abord. Je crois qu\u2019il nous faut continuer d\u2019avoir une administration, une action publique \u00e0 port\u00e9e de femmes et d\u2019hommes et repr\u00e9sent\u00e9es, incarn\u00e9es par celles et ceux qui, sur le terrain, dans les comp\u00e9tences qui leur sont donn\u00e9es, traduisent cette action publique pour nos concitoyens. [\u2026] Ce qui est demand\u00e9, ce sont des visages familiers, humains qui portent ces d\u00e9cisions en responsabilit\u00e9 aux c\u00f4t\u00e9s de nos concitoyens.<\/em> \u00bb<\/p>\n\n\n\n<p>Vous l&#8217;avez&nbsp;? C&#8217;est Emmanuel Macron, Pr\u00e9sident de la R\u00e9publique fran\u00e7aise, le 8 avril 2021.<\/p>\n\n\n\n<p>Je ne sais pas si vous \u00eates \u00e9tonn\u00e9\u00b7es ; mais vous auriez toutes les raisons de l&#8217;\u00eatre, vu la politique d&#8217;\u00e9loignement des publics par rapport aux services publics nationaux port\u00e9e par l\u2019\u00c9tat depuis 2017.<\/p>\n\n\n\n<p>J&#8217;en veux pour preuve une autre citation, cette fois-ci de la D\u00e9fenseure des droits \u00e0 propos de l&#8217;am\u00e9lioration de l&#8217;acc\u00e8s aux services publics par la num\u00e9risation, je cite : <em>\u00ab cet objectif ne sera pas atteint si l\u2019ambition collective port\u00e9e dans ce processus se r\u00e9sume \u00e0 pallier la disparition des services publics sur certains territoires <\/em>\u00bb.<\/p>\n\n\n\n<p>A Villeurbanne, nous avons d\u00e9cid\u00e9 de faire le chemin inverse, et nous poursuivons en ce sens : du num\u00e9rique, oui, mais surtout, des guichets avec des humains et des humaines, fonctionnaires, qui accueillent vraiment le public.<\/p>\n\n\n\n<p>Cette d\u00e9lib\u00e9ration est un nouveau pas vers des services publics qui respectent v\u00e9ritablement la devise d&#8217;\u00e9galit\u00e9 de notre R\u00e9publique. La Maison des Services Publics des quartiers La Soie \u2013 Bonnevay \u2013 Les Brosses sera la premi\u00e8re \u00e0 exp\u00e9rimenter un \u00e9largissement des services qu&#8217;elle propose. Ce d\u00e9m\u00e9nagement nous le permet, puisque les locaux sont d\u00e9sormais plus grands.<\/p>\n\n\n\n<p>Le but est de faire de cette MSP une pr\u00e9figuation de ce que pourrait \u00eatre une \u00ab mairie de quartier \u00bb, qui conserve des activit\u00e9s sp\u00e9cifiques \u00e0 son quartier, mais propose aussi des services qui n&#8217;\u00e9taient auparavant disponibles qu&#8217;en mairie centrale, comme les titres d&#8217;identit\u00e9, les d\u00e9marches li\u00e9es aux \u00e9lections, les informations sur l&#8217;\u00e9tat civil&#8230; Pour parler en termes techniques, on organise une d\u00e9concentration de certains de nos services publics pour cr\u00e9er plus de proximit\u00e9 avec les villeurbannaises et villeurbannais.&nbsp;<\/p>\n\n\n\n<p>Elle abritera aussi des d\u00e9marches moins administratives mais aussi essentielles, puisque nous pr\u00e9voyo ns d&#8217;y installer une permanence sociale et de sant\u00e9, un point d&#8217;\u00e9coute jeunes et adultes, ou encore de la m\u00e9diation num\u00e9rique. Nous voyons les MSP comme de futurs lieux ressource, qui proposent un maximum de services aux habitantes et habitants en partenariat avec d&#8217;autres institutions ou associations. C&#8217;est d&#8217;autant plus important qu&#8217;\u00e9largir la gamme des services propos\u00e9s, c&#8217;est aussi changer le regard sur le service que rend une MSP, en faire un service public pour tout le monde, et pas seulement pour les personnes les plus en difficult\u00e9s.<\/p>\n\n\n\n<p>La MSP de La Soie est la premi\u00e8re \u00e0 en b\u00e9n\u00e9ficier, mais \u00e0 horizon 2030, nous comptons bien que les trois autres Maisons villeurbannaises abritent tous ces services. Nous croyons en la r\u00e9humanisation des services publics, en l&#8217;ouverture (ou parfois, r\u00e9ouverture) des accueils physiques, qui sont seuls garants de l&#8217;\u00e9galit\u00e9 entre toutes et tous.<\/p>\n","protected":false},"excerpt":{"rendered":"<p>Par Ga\u00ebtan CONSTANT Pour commencer cette intervention, une petite question surprise, je n&#8217;ai pas le chat en direct mais n&#8217;h\u00e9sitez pas \u00e0 faire vos propositions ! Qui a dit ? \u00ab Plus de proximit\u00e9 et d\u2019humanit\u00e9 d\u2019abord. Je crois qu\u2019il nous faut continuer d\u2019avoir une administration, une action publique \u00e0 port\u00e9e de femmes et d\u2019hommes&#8230;<\/p>\n","protected":false},"author":1,"featured_media":0,"comment_status":"open","ping_status":"open","sticky":false,"template":"","format":"standard","meta":[],"categories":[192,7],"tags":[86,43],"_links":{"self":[{"href":"https:\/\/villeurbanne-insoumise-ensemble.fr\/index.php?rest_route=\/wp\/v2\/posts\/1724"}],"collection":[{"href":"https:\/\/villeurbanne-insoumise-ensemble.fr\/index.php?rest_route=\/wp\/v2\/posts"}],"about":[{"href":"https:\/\/villeurbanne-insoumise-ensemble.fr\/index.php?rest_route=\/wp\/v2\/types\/post"}],"author":[{"embeddable":true,"href":"https:\/\/villeurbanne-insoumise-ensemble.fr\/index.php?rest_route=\/wp\/v2\/users\/1"}],"replies":[{"embeddable":true,"href":"https:\/\/villeurbanne-insoumise-ensemble.fr\/index.php?rest_route=%2Fwp%2Fv2%2Fcomments&post=1724"}],"version-history":[{"count":1,"href":"https:\/\/villeurbanne-insoumise-ensemble.fr\/index.php?rest_route=\/wp\/v2\/posts\/1724\/revisions"}],"predecessor-version":[{"id":1725,"href":"https:\/\/villeurbanne-insoumise-ensemble.fr\/index.php?rest_route=\/wp\/v2\/posts\/1724\/revisions\/1725"}],"wp:attachment":[{"href":"https:\/\/villeurbanne-insoumise-ensemble.fr\/index.php?rest_route=%2Fwp%2Fv2%2Fmedia&parent=1724"}],"wp:term":[{"taxonomy":"category","embeddable":true,"href":"https:\/\/villeurbanne-insoumise-ensemble.fr\/index.php?rest_route=%2Fwp%2Fv2%2Fcategories&post=1724"},{"taxonomy":"post_tag","embeddable":true,"href":"https:\/\/villeurbanne-insoumise-ensemble.fr\/index.php?rest_route=%2Fwp%2Fv2%2Ftags&post=1724"}],"curies":[{"name":"wp","href":"https:\/\/api.w.org\/{rel}","templated":true}]}}