{"id":1722,"date":"2024-02-14T16:40:22","date_gmt":"2024-02-14T15:40:22","guid":{"rendered":"http:\/\/villeurbanne-insoumise-ensemble.fr\/?p=1722"},"modified":"2024-02-14T16:40:23","modified_gmt":"2024-02-14T15:40:23","slug":"la-situation-nationale-sur-le-logement-est-tres-preoccupante","status":"publish","type":"post","link":"https:\/\/villeurbanne-insoumise-ensemble.fr\/?p=1722","title":{"rendered":"La situation nationale sur le logement est tr\u00e8s pr\u00e9occupante"},"content":{"rendered":"\n<p><em>Par Morgane GUILLAS<\/em><\/p>\n\n\n\n<figure class=\"wp-block-embed is-type-video is-provider-youtube wp-block-embed-youtube wp-embed-aspect-16-9 wp-has-aspect-ratio\"><div class=\"wp-block-embed__wrapper\">\n<iframe loading=\"lazy\" title=\"Morgane GUILLAS - La situation nationale sur le logement est tr\u00e8s pr\u00e9occupante\" width=\"640\" height=\"360\" src=\"https:\/\/www.youtube.com\/embed\/dDsqVveKkNA?feature=oembed\" frameborder=\"0\" allow=\"accelerometer; autoplay; clipboard-write; encrypted-media; gyroscope; picture-in-picture; web-share\" allowfullscreen><\/iframe>\n<\/div><\/figure>\n\n\n\n<p>Nous profitons de cette d\u00e9lib\u00e9ration sur le logement social pour prendre du recul sur la situation nationale qui nous para\u00eet tr\u00e8s pr\u00e9occupante. La semaine derni\u00e8re, Guillaume KASBARIAN est nomm\u00e9 ministre du logement. En tant que d\u00e9put\u00e9, il \u00e9tait un pr\u00e9curseur dans l&#8217;alliance macro-lep\u00e9niste en faisant voter avec les voix du RN une loi qui condamne \u00e0 3 ans de prison les SDF qui occupent un local vide.<\/p>\n\n\n\n<p>70 ans apr\u00e8s l&#8217;appel de l&#8217;Abb\u00e9 Pierre, la fondation \u00e9ponyme pr\u00e9sente son traditionnel rapport sur le mal logement dont le bilan est catastrophique ! Baisse de la construction de logements sociaux et de la r\u00e9novation \u00e9nerg\u00e9tique, explosion des loyers et du nombre de sans-abris, etc.&nbsp;<\/p>\n\n\n\n<p>Au m\u00eame moment, Gabriel ATTAL, notre nouveau premier ministre, annonce remettre en cause la loi Solidarit\u00e9 et Renouvellement Urbain, dite SRU, un des actes l\u00e9gislatifs majeur du d\u00e9but du si\u00e8cle, qui impose aux communes une proportion minimale de logements sociaux.\u00a0<\/p>\n\n\n\n<p>Elle a contraint de nombreuses collectivit\u00e9s \u00e0 construire des logements abordables, permettant ainsi leur multiplication \u00e0 l&#8217;\u00e9chelle nationale. A Villeurbanne, nous sommes pass\u00e9s de plus de 16 600 logements en 2009 \u00e0 22 000 en 2021. Si certaines communes restent r\u00e9ticentes \u00e0 leur production, l&#8217;obligation de la production de logement social est majoritairement accept\u00e9e dans l&#8217;opinion publique.<\/p>\n\n\n\n<p>Quand Gabriel ATTAL veut int\u00e9grer les logements interm\u00e9diaires dans le calcul des logements sociaux, ce n&#8217;est pas une simple r\u00e8gle technique. Il programme l&#8217;arr\u00eat de la production de logements accessibles en France. Il donne un blanc-seing pour tous ces maires qui n&#8217;\u00e9taient pas en r\u00e8gle. Et cela va p\u00e9naliser toujours les m\u00eames personnes : les plus pauvres.<\/p>\n\n\n\n<p>Notre groupe est donc en faveur de cette d\u00e9lib\u00e9ration qui acte une nouvelle fois la participation active de notre ville solidaire et humaniste \u00e0 la construction et au d\u00e9veloppement de nouveaux logements sociaux. Nous voterons pour cette d\u00e9lib\u00e9ration. Je vous remercie.&nbsp;<\/p>\n","protected":false},"excerpt":{"rendered":"<p>Par Morgane GUILLAS Nous profitons de cette d\u00e9lib\u00e9ration sur le logement social pour prendre du recul sur la situation nationale qui nous para\u00eet tr\u00e8s pr\u00e9occupante. La semaine derni\u00e8re, Guillaume KASBARIAN est nomm\u00e9 ministre du logement. En tant que d\u00e9put\u00e9, il \u00e9tait un pr\u00e9curseur dans l&#8217;alliance macro-lep\u00e9niste en faisant voter avec les voix du RN une&#8230;<\/p>\n","protected":false},"author":1,"featured_media":0,"comment_status":"open","ping_status":"open","sticky":false,"template":"","format":"standard","meta":[],"categories":[192,7],"tags":[53],"_links":{"self":[{"href":"https:\/\/villeurbanne-insoumise-ensemble.fr\/index.php?rest_route=\/wp\/v2\/posts\/1722"}],"collection":[{"href":"https:\/\/villeurbanne-insoumise-ensemble.fr\/index.php?rest_route=\/wp\/v2\/posts"}],"about":[{"href":"https:\/\/villeurbanne-insoumise-ensemble.fr\/index.php?rest_route=\/wp\/v2\/types\/post"}],"author":[{"embeddable":true,"href":"https:\/\/villeurbanne-insoumise-ensemble.fr\/index.php?rest_route=\/wp\/v2\/users\/1"}],"replies":[{"embeddable":true,"href":"https:\/\/villeurbanne-insoumise-ensemble.fr\/index.php?rest_route=%2Fwp%2Fv2%2Fcomments&post=1722"}],"version-history":[{"count":1,"href":"https:\/\/villeurbanne-insoumise-ensemble.fr\/index.php?rest_route=\/wp\/v2\/posts\/1722\/revisions"}],"predecessor-version":[{"id":1723,"href":"https:\/\/villeurbanne-insoumise-ensemble.fr\/index.php?rest_route=\/wp\/v2\/posts\/1722\/revisions\/1723"}],"wp:attachment":[{"href":"https:\/\/villeurbanne-insoumise-ensemble.fr\/index.php?rest_route=%2Fwp%2Fv2%2Fmedia&parent=1722"}],"wp:term":[{"taxonomy":"category","embeddable":true,"href":"https:\/\/villeurbanne-insoumise-ensemble.fr\/index.php?rest_route=%2Fwp%2Fv2%2Fcategories&post=1722"},{"taxonomy":"post_tag","embeddable":true,"href":"https:\/\/villeurbanne-insoumise-ensemble.fr\/index.php?rest_route=%2Fwp%2Fv2%2Ftags&post=1722"}],"curies":[{"name":"wp","href":"https:\/\/api.w.org\/{rel}","templated":true}]}}