{"id":1720,"date":"2024-02-14T16:37:44","date_gmt":"2024-02-14T15:37:44","guid":{"rendered":"http:\/\/villeurbanne-insoumise-ensemble.fr\/?p=1720"},"modified":"2024-02-14T16:40:52","modified_gmt":"2024-02-14T15:40:52","slug":"le-gouvernement-ferait-mieux-dassurer-notre-devoir-dhumanite","status":"publish","type":"post","link":"https:\/\/villeurbanne-insoumise-ensemble.fr\/?p=1720","title":{"rendered":"Le gouvernement ferait mieux d&#8217;assurer notre devoir d&#8217;humanit\u00e9 !"},"content":{"rendered":"\n<p><em>Par Julien RAVELLO<\/em><\/p>\n\n\n\n<figure class=\"wp-block-embed is-type-video is-provider-youtube wp-block-embed-youtube wp-embed-aspect-16-9 wp-has-aspect-ratio\"><div class=\"wp-block-embed__wrapper\">\n<iframe loading=\"lazy\" title=\"Julien RAVELLO - Le gouvernement ferait mieux d&#039;assurer notre devoir d&#039;humanit\u00e9 !\" width=\"640\" height=\"360\" src=\"https:\/\/www.youtube.com\/embed\/qkctGs5oI48?feature=oembed\" frameborder=\"0\" allow=\"accelerometer; autoplay; clipboard-write; encrypted-media; gyroscope; picture-in-picture; web-share\" allowfullscreen><\/iframe>\n<\/div><\/figure>\n\n\n\n<p>Il y a 6 ans, le Jury Citoyen, dont vous \u00e9tiez plusieurs dans cette salle \u00e0 faire partie (d&#8217;ailleurs j&#8217;excuse Aurore GORRIQUER qui devait intervenir sur cette intervention et qui faisait partie du Jury Citoyen), a rendu ses conclusions pour poser une pierre de plus dans l&#8217;histoire Villeurbannaise de l&#8217;accueil. L&#8217;une de ses propositions \u00e9tait la cr\u00e9ation d&#8217;une \u00ab Carte citoyenne \u00bb de r\u00e9sidence, comme cela vient d&#8217;\u00eatre pr\u00e9sent\u00e9 par Monsieur GARABEDIAN; c&#8217;est ce que nous voterons avec joie ce soir.<\/p>\n\n\n\n<p>En revanche, c&#8217;est avec beaucoup moins de joie et beaucoup plus de col\u00e8re que nous avons suivi le vote sur la loi immigration. Je ne vais pas vous faire ici la liste des infamies qu&#8217;elle contient, du renforcement de l&#8217;arbitraire pr\u00e9fectoral pour la d\u00e9livrance des titres de s\u00e9jour aux suppressions des protections contre les personnes de nationalit\u00e9 \u00e9trang\u00e8re.&nbsp;<\/p>\n\n\n\n<p>Par contre, si cette loi doit nous apprendre quelque chose, c&#8217;est qu&#8217;il est toujours plus n\u00e9cessaire de tenir notre ligne politique : celle qui est \u00e9crite sur tous les frontons des mairies, pour que l&#8217;\u00e9galit\u00e9 et la fraternit\u00e9 ne soit pas que des mots, mais une r\u00e9alit\u00e9. Nous devons persister, nager \u00e0 contre-courant du climat r\u00e9actionnaire dans lequel la droite nous plongent de plus en plus, et toujours lutter contre les discriminations ethno-raciales, contre la x\u00e9nophobie, contre la haine de l&#8217;autre.&nbsp;<\/p>\n\n\n\n<p>L&#8217;histoire de France comme celle de Villeurbanne est faite de m\u00e9langes ; aucune loi ne pourra rien y changer. Depuis 1515, des enfants n\u00e9s de parents \u00e9trangers en France sont naturalis\u00e9s ; depuis la R\u00e9volution Fran\u00e7aise et la Deuxi\u00e8me R\u00e9publique, notre droit du sol est fort, et nous en sommes fier\u00b7es.&nbsp;<\/p>\n\n\n\n<p>Plut\u00f4t que de replier la France sur elle-m\u00eame, le gouvernement ferait mieux de r\u00e9gulariser massivement les personnes sans-papier, de renforcer notre droit du sol, de prendre en charge les exil\u00e9\u00b7es en donnant plus de possibilit\u00e9s de recours en cas de refus de d\u00e9livrance de titre de s\u00e9jour, ou encore de d\u00e9p\u00e9naliser le s\u00e9jour irr\u00e9gulier.&nbsp;<\/p>\n\n\n\n<p>Le gouvernement ferait mieux de s&#8217;inspirer de la ville de Villeurbanne et de notre tradition de l&#8217;accueil. Il ferait mieux d&#8217;assurer notre devoir d&#8217;humanit\u00e9.<\/p>\n","protected":false},"excerpt":{"rendered":"<p>Par Julien RAVELLO Il y a 6 ans, le Jury Citoyen, dont vous \u00e9tiez plusieurs dans cette salle \u00e0 faire partie (d&#8217;ailleurs j&#8217;excuse Aurore GORRIQUER qui devait intervenir sur cette intervention et qui faisait partie du Jury Citoyen), a rendu ses conclusions pour poser une pierre de plus dans l&#8217;histoire Villeurbannaise de l&#8217;accueil. L&#8217;une de&#8230;<\/p>\n","protected":false},"author":1,"featured_media":0,"comment_status":"open","ping_status":"open","sticky":false,"template":"","format":"standard","meta":[],"categories":[192,7],"tags":[79,57,188,180],"_links":{"self":[{"href":"https:\/\/villeurbanne-insoumise-ensemble.fr\/index.php?rest_route=\/wp\/v2\/posts\/1720"}],"collection":[{"href":"https:\/\/villeurbanne-insoumise-ensemble.fr\/index.php?rest_route=\/wp\/v2\/posts"}],"about":[{"href":"https:\/\/villeurbanne-insoumise-ensemble.fr\/index.php?rest_route=\/wp\/v2\/types\/post"}],"author":[{"embeddable":true,"href":"https:\/\/villeurbanne-insoumise-ensemble.fr\/index.php?rest_route=\/wp\/v2\/users\/1"}],"replies":[{"embeddable":true,"href":"https:\/\/villeurbanne-insoumise-ensemble.fr\/index.php?rest_route=%2Fwp%2Fv2%2Fcomments&post=1720"}],"version-history":[{"count":1,"href":"https:\/\/villeurbanne-insoumise-ensemble.fr\/index.php?rest_route=\/wp\/v2\/posts\/1720\/revisions"}],"predecessor-version":[{"id":1721,"href":"https:\/\/villeurbanne-insoumise-ensemble.fr\/index.php?rest_route=\/wp\/v2\/posts\/1720\/revisions\/1721"}],"wp:attachment":[{"href":"https:\/\/villeurbanne-insoumise-ensemble.fr\/index.php?rest_route=%2Fwp%2Fv2%2Fmedia&parent=1720"}],"wp:term":[{"taxonomy":"category","embeddable":true,"href":"https:\/\/villeurbanne-insoumise-ensemble.fr\/index.php?rest_route=%2Fwp%2Fv2%2Fcategories&post=1720"},{"taxonomy":"post_tag","embeddable":true,"href":"https:\/\/villeurbanne-insoumise-ensemble.fr\/index.php?rest_route=%2Fwp%2Fv2%2Ftags&post=1720"}],"curies":[{"name":"wp","href":"https:\/\/api.w.org\/{rel}","templated":true}]}}