{"id":1717,"date":"2024-02-14T16:34:37","date_gmt":"2024-02-14T15:34:37","guid":{"rendered":"http:\/\/villeurbanne-insoumise-ensemble.fr\/?p=1717"},"modified":"2024-02-14T16:34:38","modified_gmt":"2024-02-14T15:34:38","slug":"une-carte-de-citoyennete-locale-pour-legalite-en-droits","status":"publish","type":"post","link":"https:\/\/villeurbanne-insoumise-ensemble.fr\/?p=1717","title":{"rendered":"Une Carte de Citoyennet\u00e9 locale pour l&#8217;\u00e9galit\u00e9 en droits !"},"content":{"rendered":"\n<p><em>Par Mathieu GARABEDIAN<\/em><\/p>\n\n\n\n<figure class=\"wp-block-embed is-type-video is-provider-youtube wp-block-embed-youtube wp-embed-aspect-16-9 wp-has-aspect-ratio\"><div class=\"wp-block-embed__wrapper\">\n<iframe loading=\"lazy\" title=\"Mathieu GARABEDIAN - Une carte de citoyennet\u00e9 locale pour l&#039;\u00e9galit\u00e9 en droits !\" width=\"640\" height=\"360\" src=\"https:\/\/www.youtube.com\/embed\/g6-OFHx0s70?feature=oembed\" frameborder=\"0\" allow=\"accelerometer; autoplay; clipboard-write; encrypted-media; gyroscope; picture-in-picture; web-share\" allowfullscreen><\/iframe>\n<\/div><\/figure>\n\n\n\n<p><strong><em>Pr\u00e9sentation de la d\u00e9lib\u00e9ration<\/em><\/strong><\/p>\n\n\n\n<p>Nous souhaitions commencer par l&#8217;\u00e9coute d&#8217;un t\u00e9moignage&nbsp;:<\/p>\n\n\n\n<p><em>Recueil d&#8217;un t\u00e9moignage aupr\u00e8s d&#8217;une personne du Centre d&#8217;accueil des demandeurs d&#8217;asile (CADA) de Forum R\u00e9fugi\u00e9s dans le quartier des Brosses<\/em><\/p>\n\n\n\n<p class=\"has-text-align-center\">\u00ab&nbsp;<em>Moi c&#8217;est Dilont, je suis congolais de Brazza et je suis arriv\u00e9 en France en septembre, dr\u00f4le de date. Je suis venu \u00e0 Paris, sans conna\u00eetre personne. J&#8217;ai pris un billet d&#8217;avion, je me souviens tr\u00e8s bien, je suis descendu \u00e0 Beauvais et de Beauvais j&#8217;ai pris le bus. Je suis descendu \u00e0 Porte Maillot et l\u00e0, je me souviens il \u00e9tait 20h ou 21h, et je ne savais plus quoi faire en fait. Parce que je me suis dit <\/em>\u00ab&nbsp;Bon, OK je suis l\u00e0, mais je fais quoi maintenant&nbsp;?&nbsp;\u00bb. <em>Je connaissais personne, j&#8217;ai d\u00fb&#8230; errer dans les gares, dormir dans les gares, pendant un petit moment&nbsp;; enfin, un petit moment, deux mois. Jusqu&#8217;\u00e0 ce que je rencontre des gens de mon pays. Je les ai trouv\u00e9s comme \u00e7a \u00e0 la gare du nord, parler en langue de chez nous et j&#8217;ai compris que c&#8217;\u00e9taient des gens de mon pays. Je leur ai expos\u00e9 mon probl\u00e8me&nbsp;: je leur ai dit que je ne connaissais personne, que je n&#8217;avais nulle part o\u00f9 prendre des douches, des vraies douches, nulle part o\u00f9 dormir et tout&#8230; Ils m&#8217;ont dit&nbsp;:<\/em> \u00ab&nbsp;Voil\u00e0, par rapport \u00e0 ta situation, il faut faire une demande d&#8217;asile.&nbsp;\u00bb. <\/p>\n\n\n\n<p class=\"has-text-align-center\"><em>On est venus ici, au CADA. Et c&#8217;\u00e9tait vraiment&#8230; c&#8217;est quelque chose de&#8230; diff\u00e9rent parce que, on va dire, pour la premi\u00e8re fois depuis un endroit o\u00f9 je pouvais dire, \u00ab<\/em>&nbsp;Je peux dormir trois, quatre, cinq nuits de suite.<em>&nbsp;\u00bb. Et c&#8217;\u00e9tait bien, mais bizarre. C&#8217;\u00e9tait bizarre parce que vous savez, le corps s&#8217;habitue \u00e0 toutes les situations et quand les mauvaises situations deviennent la normalit\u00e9, et que voil\u00e0, un jour, quelque chose de bien vous arrive, savoir que je me r\u00e9veille au m\u00eame endroit, et tout&#8230; j&#8217;ai pas froid&#8230; voil\u00e0, c&#8217;\u00e9tait compliqu\u00e9 mais bien, tr\u00e8s bien m\u00eame. Et c&#8217;est ce qui est arriv\u00e9 peut-\u00eatre la premi\u00e8re semaine, j&#8217;\u00e9tais bizarre. D\u00e9j\u00e0 parce que vous vous r\u00e9veillez un matin, vous n&#8217;avez personne \u00e0 qui parler. Si vous avez une t\u00e9l\u00e9 c&#8217;est bien, parce que \u00e7a fait passer le temps aussi, mais si vous n&#8217;avez pas de t\u00e9l\u00e9, vous \u00eates l\u00e0&#8230; Vous pouvez passer deux jours, trois jours, vous ne prononcez par un seul mot, en tout cas si vous n&#8217;appelez personne au t\u00e9l\u00e9phone. Vous pouvez passer deux-trois jours sans prononcer un seul mot. Et c&#8217;est bizarre quand m\u00eame&nbsp;! <\/em><\/p>\n\n\n\n<p class=\"has-text-align-center\"><em>Apr\u00e8s au d\u00e9but j&#8217;ai peut-\u00eatre&#8230; parce que j&#8217;avais des membres du CADA qui venaient, qui me demandaient si \u00e7a allait et tout, mais c&#8217;\u00e9tait les seules personnes \u00e0 qui je parlais. Au fil du temps, j&#8217;ai rencontr\u00e9 des gens parce que derri\u00e8re, il y a un petit terrain de basket. Il y avait des jeunes comme moi qui jouaient et un jour je suis descendu pour les regarder jouer, ils m&#8217;ont propos\u00e9 et voil\u00e0, c\u2019est \u00e0 partir de ce jour l\u00e0 que j&#8217;ai commenc\u00e9 \u00e0 me faire, on va dire, des amis. On s&#8217;appelle, ouais ou s&#8217;appelle souvent, on se voit peut-\u00eatre quand on a le temps, on se voit oui. Quand vous arrivez dans un endroit o\u00f9 vous n&#8217;avez pas de rep\u00e8res, c&#8217;est vraiment compliqu\u00e9.&nbsp;<\/em>\u00bb<\/p>\n\n\n\n<p>Cr\u00e9er des rep\u00e8res, se faire des amis, trouver une place dans sa ville, c&#8217;est ce que le t\u00e9moignage de Dilont qu&#8217;on vient d&#8217;\u00e9couter nous apprend, nous incite \u00e0 imaginer comme politiques publiques inclusives pour lui et tant d&#8217;autres \u00e0 Villeurbanne. Et Villeurbanne, son histoire, c&#8217;est d&#8217;avoir toujours \u00e9t\u00e9 une ville d&#8217;accueil, une ville d&#8217;inclusion. On a la devise attachant, officieuse de Villeurbanne, \u00ab&nbsp;Venu d&#8217;ailleurs, devenu d&#8217;ici&nbsp;\u00bb du pr\u00e9c\u00e9dent maire de Villeurbanne, M. Jean-Paul Bret qui forc\u00e9ment r\u00e9sonne sur toutes les actions qu&#8217;on peut mener sur ce type de politiques publiques.<\/p>\n\n\n\n<p>Aujourd&#8217;hui je suis assez fier de pr\u00e9senter ce rapport qui \u00e9crit une nouvelle page de cette histoire, une histoire qui commence il y a d\u00e9j\u00e0 quelques ann\u00e9es, il y a cinq, six ans avec le Jury Citoyen. Une d\u00e9marche politique, citoyenne, o\u00f9 des habitants ont pu imaginer des actions \u00e0 construire sur la ville pour mener des politiques d&#8217;accueil et d&#8217;inclusion. Dans ce rapport il y en avait une qui \u00e9tait de renforcer le concept de citoyennet\u00e9 de r\u00e9sidence pour que les personnes, et je cite&nbsp;: \u00ab&nbsp;quel que soit leur statut, acc\u00e8dent aux instances participatives locales et puissent symboliquement avoir la remise d&#8217;une Carte de citoyennet\u00e9&nbsp;\u00bb.<\/p>\n\n\n\n<p>C&#8217;est un projet qui \u00e9videmment, avec Antoine PELC\u00c9 et Agathe FORT, on a commenc\u00e9 \u00e0 imaginer depuis le d\u00e9but du mandat, qu&#8217;on a travaill\u00e9 avec nombre d&#8217;associations, de personnes qui pourraient \u00eatre int\u00e9ress\u00e9es, concern\u00e9es, et \u00e7a a men\u00e9 jusqu&#8217;\u00e0 aujourd&#8217;hui \u00e0 la pr\u00e9sentation d&#8217;une charte et de la Carte de citoyennet\u00e9 locale de Villeurbanne.<\/p>\n\n\n\n<p>Le principe de citoyennet\u00e9 de r\u00e9sidence, de citoyennet\u00e9 locale, ce n&#8217;est pas un principe nouveau fondamentalement. Il est en fait issu de la cr\u00e9ation de la R\u00e9publique, puisque les r\u00e9volutionnaires d\u00e8s 1789 dans la d\u00e9claration des Droits de l&#8217;Homme et du Citoyen et puis ensuite pour la Premi\u00e8re R\u00e9publique, avaient imagin\u00e9 que finalement, \u00e9taient citoyen les personnes qui participaient au projet politique qui \u00e9tait d\u00e9fendu et puis rapidement par la suite, c&#8217;est un principe qui sera un peu abandonn\u00e9.<\/p>\n\n\n\n<p>De fait, c&#8217;est ce qu&#8217;on veut rappeler aujourd&#8217;hui. La citoyennet\u00e9 locale, c&#8217;est essayer de constituer une communaut\u00e9 au sein de la ville, un communaut\u00e9 politique, qui souhaite baser son projet sur les libert\u00e9s et l&#8217;\u00e9galit\u00e9 en droit. Une pratique concr\u00e8te, finalement, du droit \u00e0 la ville pour toutes et tous. Ce projet, on souhaite qu&#8217;il soit port\u00e9 de mani\u00e8re inconditionnelle et on souhaite que ces citoyens, citoyennes, auxquels on a trouv\u00e9 un nom \u00ab&nbsp;habiteur&nbsp;\u00bb et \u00ab&nbsp;habiteuse&nbsp;\u00bb&#8230; Alors qui a pu faire sourire lors d&#8217;un pr\u00e9c\u00e9dent conseil municipal mais qui \u00e9tait tir\u00e9 d&#8217;un tr\u00e8s joli texte de Thierry Paquot qui est un architecte urbaniste que l&#8217;association LALCA nous avait lu, et qui finalement s&#8217;interrogeait sur les sens du mot \u00ab&nbsp;habitat&nbsp;\u00bb, \u00ab&nbsp;habiter&nbsp;\u00bb, sur la question de l&#8217; \u00ab&nbsp;habitus&nbsp;\u00bb et m\u00eame de l&#8217; \u00abhabit&nbsp;\u00bb, ce sont des mots qui ont toutes la m\u00eame origine et finalement l&#8217;habiteur c&#8217;\u00e9tait quelqu&#8217;un qui avait des habitudes dans une cit\u00e9. Et on trouvait que c&#8217;\u00e9tait une jolie marni\u00e8re de pouvoir rappeler que pour \u00eatre citoyen il fallait vouloir aussi s&#8217;engager pour sa ville et que strictement son logement n&#8217;\u00e9tait pas forc\u00e9ment la condition suffisante pour participer.<\/p>\n\n\n\n<p>On souhaite donc promouvoir cette \u00e9galit\u00e9 en droits sociaux, \u00e9conomiques, culturels&nbsp;; en droits civils et politiques, m\u00eame si ce sont des combats qu&#8217;on ne pourra pas que porter au niveau municipal mais qui sont des combats historiques, en tout cas de la gauche et depuis de tr\u00e8s nombreuses ann\u00e9es. Et on souhaite que cette carte puisse \u00eatre le symbole de ce combat, que ce soit un lien entre les habiteurs, les habiteuses et la ville, et que ce lien puisse permettre \u00e0 d&#8217;autres aussi de nous rejoindre, et c&#8217;est le projet de ce rapport \u00e9galement, que de cr\u00e9er un syst\u00e8me local de solidarit\u00e9, que ce soit avec les personnes qui le souhaitent mais aussi avec les commerces, les entreprises, les associations, et que de ce r\u00e9seau on puisse continuer \u00e0 faire vivre ce droit \u00e0 la ville pour toutes et pour tous.<\/p>\n\n\n\n<p>J&#8217;ai le grand honneur de pr\u00e9senter ce rapport, et j&#8217;associe \u00e9galement Antoine PELC\u00c9 et Agathe FORT et les services de la ville \u00e0 ce travail qui a dur\u00e9 plus d&#8217;un an et demi, et qui s&#8217;inscrit dans l&#8217;histoire longue \u00e0 mon avis de Villeurbanne. Et j&#8217;en suis tr\u00e8s heureux.<\/p>\n\n\n\n<p><strong><em>Prise de parole apr\u00e8s les interventions<\/em><\/strong><\/p>\n\n\n\n<p>D\u00e9j\u00e0 je remercie mes coll\u00e8gues (de la majorit\u00e9 en tout cas) pour leurs interventions et leur soutien.<\/p>\n\n\n\n<p>Monsieur KABALO, juste pour r\u00e9pondre en deux mots. Je suis un peu g\u00ean\u00e9 pour vous si \u00ab&nbsp;\u00e9laborer les politiques publiques municipales&nbsp;\u00bb, la \u00ab&nbsp;lutte contre les discriminations&nbsp;\u00bb, \u00ab&nbsp;l&#8217;\u00e9galit\u00e9 en droit&nbsp;\u00bb ou la \u00ab&nbsp;communaut\u00e9 politique&nbsp;\u00bb sont des mots que vous avez du mal \u00e0 comprendre en tant que premier adjoint de cette ville. En tout cas, j&#8217;aurais esp\u00e9r\u00e9 que vous en ayez quelques restes, c&#8217;\u00e9tait il n&#8217;y a pas si longtemps.<\/p>\n\n\n\n<p>Peut-\u00eatre, la question de la novlangue me fait un peut sourire parce que pour un membre d&#8217;un parti qui a fait de la <em>start-up nation <\/em>et des anglicismes et m\u00eame du double-langage sa sp\u00e9cialit\u00e9, parler de novlangue est je trouve un peu croquignolesque comme on dit chez vous.<\/p>\n\n\n\n<p>Sur la question de l&#8217;offre culturelle et de ce qu&#8217;a fait la ville de Paris, effectivement c&#8217;est une r\u00e9flexion qu&#8217;on a eue avec le groupe de travail de d\u00e9part en se disant \u00ab&nbsp;C&#8217;est une carte qui est bien pour tout le monde&nbsp;\u00bb. Vous pouvez d\u00e8s demain ou d\u00e8s la fin du conseil la demander si vous le souhaitez. Et sur la question des offres et ce qu&#8217;elle permet d&#8217;obtenir (on va dire en compl\u00e9ment du lien symbolique que j&#8217;ai pu exprimer), c&#8217;est un travail qu&#8217;on veut mener. On a d\u00e9cid\u00e9 de ne pas commencer par celui l\u00e0 mais en tout cas c&#8217;est une vraie r\u00e9flexion qui peut \u00eatre men\u00e9e et on a des groupes de travail qui continuent de se r\u00e9unir avec les personnes qui depuis le d\u00e9but imaginent construire cette citoyennet\u00e9 locale. Donc n&#8217;h\u00e9sitez pas \u00e0 nous rejoindre avec vos bonnes id\u00e9es, en tout cas vous faites partie de cette communaut\u00e9 politique qu&#8217;on esp\u00e8re d\u00e9fendre&nbsp;; ses valeurs d&#8217;\u00e9galit\u00e9 en droit en tout cas je l&#8217;esp\u00e8re puisque mes coll\u00e8gues me le rappelaient, mais la loi immigration a malheureusement montr\u00e9 que ce n&#8217;est pas un acquis et qu&#8217;il va falloir se battre jusqu&#8217;au bout pour maintenir et garantir cette \u00e9galit\u00e9.<\/p>\n","protected":false},"excerpt":{"rendered":"<p>Par Mathieu GARABEDIAN Pr\u00e9sentation de la d\u00e9lib\u00e9ration Nous souhaitions commencer par l&#8217;\u00e9coute d&#8217;un t\u00e9moignage&nbsp;: Recueil d&#8217;un t\u00e9moignage aupr\u00e8s d&#8217;une personne du Centre d&#8217;accueil des demandeurs d&#8217;asile (CADA) de Forum R\u00e9fugi\u00e9s dans le quartier des Brosses \u00ab&nbsp;Moi c&#8217;est Dilont, je suis congolais de Brazza et je suis arriv\u00e9 en France en septembre, dr\u00f4le de date. Je&#8230;<\/p>\n","protected":false},"author":1,"featured_media":0,"comment_status":"open","ping_status":"open","sticky":false,"template":"","format":"standard","meta":[],"categories":[192,7],"tags":[79,57,188,180],"_links":{"self":[{"href":"https:\/\/villeurbanne-insoumise-ensemble.fr\/index.php?rest_route=\/wp\/v2\/posts\/1717"}],"collection":[{"href":"https:\/\/villeurbanne-insoumise-ensemble.fr\/index.php?rest_route=\/wp\/v2\/posts"}],"about":[{"href":"https:\/\/villeurbanne-insoumise-ensemble.fr\/index.php?rest_route=\/wp\/v2\/types\/post"}],"author":[{"embeddable":true,"href":"https:\/\/villeurbanne-insoumise-ensemble.fr\/index.php?rest_route=\/wp\/v2\/users\/1"}],"replies":[{"embeddable":true,"href":"https:\/\/villeurbanne-insoumise-ensemble.fr\/index.php?rest_route=%2Fwp%2Fv2%2Fcomments&post=1717"}],"version-history":[{"count":2,"href":"https:\/\/villeurbanne-insoumise-ensemble.fr\/index.php?rest_route=\/wp\/v2\/posts\/1717\/revisions"}],"predecessor-version":[{"id":1719,"href":"https:\/\/villeurbanne-insoumise-ensemble.fr\/index.php?rest_route=\/wp\/v2\/posts\/1717\/revisions\/1719"}],"wp:attachment":[{"href":"https:\/\/villeurbanne-insoumise-ensemble.fr\/index.php?rest_route=%2Fwp%2Fv2%2Fmedia&parent=1717"}],"wp:term":[{"taxonomy":"category","embeddable":true,"href":"https:\/\/villeurbanne-insoumise-ensemble.fr\/index.php?rest_route=%2Fwp%2Fv2%2Fcategories&post=1717"},{"taxonomy":"post_tag","embeddable":true,"href":"https:\/\/villeurbanne-insoumise-ensemble.fr\/index.php?rest_route=%2Fwp%2Fv2%2Ftags&post=1717"}],"curies":[{"name":"wp","href":"https:\/\/api.w.org\/{rel}","templated":true}]}}