{"id":1713,"date":"2024-02-01T14:28:00","date_gmt":"2024-02-01T13:28:00","guid":{"rendered":"https:\/\/villeurbanne-insoumise-ensemble.fr\/?p=1713"},"modified":"2024-02-07T14:31:56","modified_gmt":"2024-02-07T13:31:56","slug":"emmanuel-macron-contre-pierre-waldeck-rousseau","status":"publish","type":"post","link":"https:\/\/villeurbanne-insoumise-ensemble.fr\/?p=1713","title":{"rendered":"Emmanuel Macron contre Pierre Waldeck-Rousseau"},"content":{"rendered":"\n<p>De la Vienne jusqu&#8217;au Rh\u00f4ne, de Lille \u00e0 la Corr\u00e8ze en passant par le plateau des mille vaches, c&#8217;est partout en France qu&#8217;est attaqu\u00e9, depuis deux ans, le droit d&#8217;association.<\/p>\n\n\n\n<p>La Commission nationale consultative des droits de l&#8217;Homme avait pr\u00e9venu : \u00ab <em>Les dispositions du projet de loi [s\u00e9paratisme] posent probl\u00e8me [\u2026] : certaines d&#8217;entre elles portent atteinte aux droits et libert\u00e9s fondamentales<\/em> \u00bb. La loi a en effet rendu obligatoire la signature d&#8217;un \u00ab Contrat d&#8217;engagement r\u00e9publicain \u00bb par les associations b\u00e9n\u00e9ficiant de soutien public, en \u00e9change de quoi elles doivent respecter des engagements si flous qu&#8217;ils ne peuvent rendre qu&#8217;arbitraire leur application.<\/p>\n\n\n\n<p>C&#8217;est ce qui se passe dans les faits. Avec leurs financements retir\u00e9s par les pr\u00e9fectures, des organisations \u00e9cologistes sont de fait emp\u00each\u00e9es d&#8217;exercer leur activit\u00e9. Cette censure par l&#8217;argent est d&#8217;autant plus pernicieuse qu&#8217;elle entra\u00eene de l&#8217;autocensure. La loi s\u00e9paratisme n&#8217;est finalement qu&#8217;une excuse de plus pour museler les oppositions politiques, de la m\u00eame fa\u00e7on qu&#8217;\u00e0 leur \u00e9poque ont \u00e9t\u00e9 interdites les associations d&#8217;esclaves, d&#8217;ouvriers ou de femmes qui luttaient pour leurs droits.<\/p>\n\n\n\n<p>La Cour Europ\u00e9enne des droits de l&#8217;Homme le rappelle : \u00ab<em> la d\u00e9sob\u00e9issance civile [est] l\u2019un des aspects les plus importants de la libert\u00e9 d\u2019expression<\/em> \u00bb. Pourtant, Alternatiba s&#8217;est vue \u00e0 plusieurs reprises retirer sa subvention sous le pr\u00e9texte qu&#8217;elle encouragerait ce type d&#8217;actions. Mais quelle autre solution reste-t-il aux associations \u00e9cologistes, quand l\u2019\u00c9tat lui-m\u00eame est condamn\u00e9 pour inaction climatique ?<\/p>\n\n\n\n<p>La loi s\u00e9paratisme est utilis\u00e9e par les macronistes pour privatiser la d\u00e9finition de la R\u00e9publique. Si les associations ne respectent pas le cadre R\u00e9publicain tel que th\u00e9oris\u00e9 par le pouvoir, elles ne peuvent plus exercer de contestations. Mais une R\u00e9publique dans laquelle celles-ci sont de plus en plus limit\u00e9es est-elle encore une d\u00e9mocratie ? Est-ce cela, la R\u00e9publique fran\u00e7aise telle que nous la voulons ?<\/p>\n","protected":false},"excerpt":{"rendered":"<p>De la Vienne jusqu&#8217;au Rh\u00f4ne, de Lille \u00e0 la Corr\u00e8ze en passant par le plateau des mille vaches, c&#8217;est partout en France qu&#8217;est attaqu\u00e9, depuis deux ans, le droit d&#8217;association. La Commission nationale consultative des droits de l&#8217;Homme avait pr\u00e9venu : \u00ab Les dispositions du projet de loi [s\u00e9paratisme] posent probl\u00e8me [\u2026] : certaines d&#8217;entre&#8230;<\/p>\n","protected":false},"author":1,"featured_media":0,"comment_status":"open","ping_status":"open","sticky":false,"template":"","format":"standard","meta":[],"categories":[191,17],"tags":[],"_links":{"self":[{"href":"https:\/\/villeurbanne-insoumise-ensemble.fr\/index.php?rest_route=\/wp\/v2\/posts\/1713"}],"collection":[{"href":"https:\/\/villeurbanne-insoumise-ensemble.fr\/index.php?rest_route=\/wp\/v2\/posts"}],"about":[{"href":"https:\/\/villeurbanne-insoumise-ensemble.fr\/index.php?rest_route=\/wp\/v2\/types\/post"}],"author":[{"embeddable":true,"href":"https:\/\/villeurbanne-insoumise-ensemble.fr\/index.php?rest_route=\/wp\/v2\/users\/1"}],"replies":[{"embeddable":true,"href":"https:\/\/villeurbanne-insoumise-ensemble.fr\/index.php?rest_route=%2Fwp%2Fv2%2Fcomments&post=1713"}],"version-history":[{"count":1,"href":"https:\/\/villeurbanne-insoumise-ensemble.fr\/index.php?rest_route=\/wp\/v2\/posts\/1713\/revisions"}],"predecessor-version":[{"id":1714,"href":"https:\/\/villeurbanne-insoumise-ensemble.fr\/index.php?rest_route=\/wp\/v2\/posts\/1713\/revisions\/1714"}],"wp:attachment":[{"href":"https:\/\/villeurbanne-insoumise-ensemble.fr\/index.php?rest_route=%2Fwp%2Fv2%2Fmedia&parent=1713"}],"wp:term":[{"taxonomy":"category","embeddable":true,"href":"https:\/\/villeurbanne-insoumise-ensemble.fr\/index.php?rest_route=%2Fwp%2Fv2%2Fcategories&post=1713"},{"taxonomy":"post_tag","embeddable":true,"href":"https:\/\/villeurbanne-insoumise-ensemble.fr\/index.php?rest_route=%2Fwp%2Fv2%2Ftags&post=1713"}],"curies":[{"name":"wp","href":"https:\/\/api.w.org\/{rel}","templated":true}]}}