{"id":170,"date":"2021-03-30T10:32:04","date_gmt":"2021-03-30T08:32:04","guid":{"rendered":"http:\/\/villeurbanne-insoumise-ensemble.fr\/?p=170"},"modified":"2023-11-22T15:48:14","modified_gmt":"2023-11-22T14:48:14","slug":"pour-un-stationnement-payant-juste","status":"publish","type":"post","link":"https:\/\/villeurbanne-insoumise-ensemble.fr\/?p=170","title":{"rendered":"Pour un stationnement payant juste !"},"content":{"rendered":"\n<p><em>Par Aurore Gorriquer<\/em><\/p>\n\n\n\n<figure class=\"wp-block-embed is-type-video is-provider-youtube wp-block-embed-youtube wp-embed-aspect-16-9 wp-has-aspect-ratio\"><div class=\"wp-block-embed__wrapper\">\n<iframe loading=\"lazy\" title=\"Aurore Gorriquer - Pour un stationnement juste\" width=\"640\" height=\"360\" src=\"https:\/\/www.youtube.com\/embed\/ZryTOmcd7lY?feature=oembed\" frameborder=\"0\" allow=\"accelerometer; autoplay; clipboard-write; encrypted-media; gyroscope; picture-in-picture\" allowfullscreen><\/iframe>\n<\/div><\/figure>\n\n\n\n<p>Le groupe Villeurbanne Insoumise Ensemble ! est favorable \u00e0 l\u2019extension du p\u00e9rim\u00e8tre du stationnement payant, car nous souhaitons comme toute la majorit\u00e9 voir la place de la voiture individuelle en ville diminuer, au profit de la mobilit\u00e9 douce. En France, le transport routier produit 29% de la pollution de l&#8217;air et ses impacts sont lourds pour notre plan\u00e8te. Elle a pour double cons\u00e9quence d&#8217;augmenter le changement climatique avec la lib\u00e9ration de C02, et de nuire \u00e0 notre sant\u00e9 par l&#8217;\u00e9mission de particules fines. L&#8217;Organisation mondiale de la sant\u00e9 (OMS) se r\u00e9f\u00e8re toujours au chiffre de 4,2 millions de d\u00e9c\u00e8s dans le monde, imputables \u00e0 la pollution de l&#8217;air ext\u00e9rieur, sur la base de l&#8217;ann\u00e9e 2016.&nbsp;<\/p>\n\n\n\n<p>Mais nous sommes aussi convaincus que les mesures \u00e9cologiques peuvent et doivent se faire sans impacts n\u00e9gatifs et le plus humainement possible pour les plus pr\u00e9caires. Seules des interventions fortes des pouvoirs publics permettront de r\u00e9tablir de l&#8217;\u00e9galit\u00e9 entre ceux et celles qui ont les moyens de transformer leurs modes de vie,&nbsp; et ceux et celles qui ne pourront pas le faire sans tomber dans l&#8217;extr\u00eame pauvret\u00e9. Nous devons faire tr\u00e8s attention \u00e0 ne pas rendre l&#8217;\u00e9cologie punitive et \u00e0 associer les habitants et habitantes \u00e0 l&#8217;\u00e9laboration des mesures , car des r\u00e8gles \u00e9cologiques qui ne seraient pas suivies par tous et toutes seraient inefficaces et contreproductives.&nbsp;<\/p>\n\n\n\n<p>Donc, diminuer la place de la voiture en ville, oui, mais sans oublier notre objectif social qui est la mobilit\u00e9 accessible pour toutes et tous, et en y mettant des moyens humains. Ces mesures \u00e9cologiques doivent \u00eatre contr\u00f4l\u00e9es de mani\u00e8re humaine, directement par la collectivit\u00e9, sans d\u00e9l\u00e9gation de service public ni syst\u00e8mes automatiques, pour ne pas \u00eatre une porte d&#8217;entr\u00e9e \u00e0 la tendance de contr\u00f4le \u00e0 la BigBrother que tendent \u00e0 prendre nos soci\u00e9t\u00e9s.<\/p>\n\n\n\n<p>Nous devons accompagner ces mesures \u00e9cologiques avec des mesures sociales. Nous pouvons proposer par exemple des tarifs r\u00e9sident \u00e0 bas prix ou gratuit pour les personnes \u00e0 bas-revenus, des tarifs d\u00e9gressifs selon les revenus, ou encore un tarif bleu.<\/p>\n\n\n\n<p>Notre groupe vote donc pour l\u2019extension du stationnement payant parce que nous croyons \u00e0 son impact positif sur la ville, mais nous seront attentifs \u00e0 ce que cette mesure ne p\u00e9nalise pas les plus fragiles.<\/p>\n","protected":false},"excerpt":{"rendered":"<p>Par Aurore Gorriquer Le groupe Villeurbanne Insoumise Ensemble ! est favorable \u00e0 l\u2019extension du p\u00e9rim\u00e8tre du stationnement payant, car nous souhaitons comme toute la majorit\u00e9 voir la place de la voiture individuelle en ville diminuer, au profit de la mobilit\u00e9 douce. En France, le transport routier produit 29% de la pollution de l&#8217;air et ses&#8230;<\/p>\n","protected":false},"author":1,"featured_media":0,"comment_status":"open","ping_status":"open","sticky":false,"template":"","format":"standard","meta":[],"categories":[95,7,21],"tags":[186,180],"_links":{"self":[{"href":"https:\/\/villeurbanne-insoumise-ensemble.fr\/index.php?rest_route=\/wp\/v2\/posts\/170"}],"collection":[{"href":"https:\/\/villeurbanne-insoumise-ensemble.fr\/index.php?rest_route=\/wp\/v2\/posts"}],"about":[{"href":"https:\/\/villeurbanne-insoumise-ensemble.fr\/index.php?rest_route=\/wp\/v2\/types\/post"}],"author":[{"embeddable":true,"href":"https:\/\/villeurbanne-insoumise-ensemble.fr\/index.php?rest_route=\/wp\/v2\/users\/1"}],"replies":[{"embeddable":true,"href":"https:\/\/villeurbanne-insoumise-ensemble.fr\/index.php?rest_route=%2Fwp%2Fv2%2Fcomments&post=170"}],"version-history":[{"count":3,"href":"https:\/\/villeurbanne-insoumise-ensemble.fr\/index.php?rest_route=\/wp\/v2\/posts\/170\/revisions"}],"predecessor-version":[{"id":697,"href":"https:\/\/villeurbanne-insoumise-ensemble.fr\/index.php?rest_route=\/wp\/v2\/posts\/170\/revisions\/697"}],"wp:attachment":[{"href":"https:\/\/villeurbanne-insoumise-ensemble.fr\/index.php?rest_route=%2Fwp%2Fv2%2Fmedia&parent=170"}],"wp:term":[{"taxonomy":"category","embeddable":true,"href":"https:\/\/villeurbanne-insoumise-ensemble.fr\/index.php?rest_route=%2Fwp%2Fv2%2Fcategories&post=170"},{"taxonomy":"post_tag","embeddable":true,"href":"https:\/\/villeurbanne-insoumise-ensemble.fr\/index.php?rest_route=%2Fwp%2Fv2%2Ftags&post=170"}],"curies":[{"name":"wp","href":"https:\/\/api.w.org\/{rel}","templated":true}]}}