{"id":1686,"date":"2023-12-18T12:08:37","date_gmt":"2023-12-18T11:08:37","guid":{"rendered":"https:\/\/villeurbanne-insoumise-ensemble.fr\/?p=1686"},"modified":"2024-01-16T14:18:05","modified_gmt":"2024-01-16T13:18:05","slug":"la-gratuite-pour-nos-toilettes-publiques","status":"publish","type":"post","link":"https:\/\/villeurbanne-insoumise-ensemble.fr\/?p=1686","title":{"rendered":"La gratuit\u00e9 pour nos toilettes publiques !"},"content":{"rendered":"\n<p><em>Par Danielle CARASCO<\/em><\/p>\n\n\n\n<figure class=\"wp-block-embed is-type-video is-provider-youtube wp-block-embed-youtube wp-embed-aspect-16-9 wp-has-aspect-ratio\"><div class=\"wp-block-embed__wrapper\">\n<iframe loading=\"lazy\" title=\"Danielle CARASCO - La gratuit\u00e9 pour nos toilettes publiques !\" width=\"640\" height=\"360\" src=\"https:\/\/www.youtube.com\/embed\/miyooilbnpo?feature=oembed\" frameborder=\"0\" allow=\"accelerometer; autoplay; clipboard-write; encrypted-media; gyroscope; picture-in-picture; web-share\" allowfullscreen><\/iframe>\n<\/div><\/figure>\n\n\n\n<p>L&#8217;Assembl\u00e9e g\u00e9n\u00e9rale des Nations Unies a adopt\u00e9 en 2013 une r\u00e9solution intitul\u00e9e &#8220;Assainissement pour tous &#8220;. Depuis, chaque 19 novembre a lieu la journ\u00e9e mondiale des toilettes dont le but est de garantir \u00e0 toutes et tous un acc\u00e8s \u00e9gal et gratuit aux sanitaires. Cette th\u00e9matique m\u00eale droit \u00e0 la sant\u00e9, social, \u00e9galit\u00e9 femmes-hommes, droit \u00e0 la ville.<\/p>\n\n\n\n<p>Acc\u00e9der facilement \u00e0 des toilettes vise aussi \u00e0 r\u00e9duire les in\u00e9galit\u00e9s. Si n&#8217;importe qui peut se retrouver dans une situation incommodante, nous ne sommes pas tous et toutes \u00e9gaux : sont concern\u00e9.es au premier chef les personnes \u00e2g\u00e9es et les enfants, mais aussi les personnes atteintes de maladies sp\u00e9cifiques qui exigent \u00e9galement des passages r\u00e9guliers aux toilettes. Les femmes souffrent aussi davantage de la p\u00e9nurie en sanitaires. Les personnes pr\u00e9caires, qui peuvent vivre dans des sites d&#8217;habitats informels, sont aussi particuli\u00e8rement sensible \u00e0 cette question.<\/p>\n\n\n\n<p>Par ailleurs, la mise en gestion des toilettes par des entreprises commerciales, comme dans beaucoup de gares SNCF, conduit \u00e0 des prix croissants pour les usagers et usag\u00e8res. La pr\u00e9pond\u00e9rance des toilettes payantes va \u00e0 l&#8217;encontre des droits humains les plus basiques.<\/p>\n\n\n\n<p>Devoir payer, m\u00eame une somme minime, pour se soulager est un obstacle qui atteint la dignit\u00e9 et la sant\u00e9 de beaucoup de nos concitoyens et concitoyennes. Ils et elles risquent aussi de souiller le voisinage et de polluer l&#8217;environnement. Quand bien m\u00eame le prix para\u00eet modeste, c&#8217;est d\u00e9j\u00e0 de trop pour les plus d\u00e9muni\u00b7es. Par cette d\u00e9lib\u00e9ration qui acte la gratuit\u00e9 de nos toilettes publiques, nous voulons r\u00e9duire les in\u00e9galit\u00e9s entre celles et ceux qui peuvent payer et celles et ceux qui ne le peuvent pas.<\/p>\n\n\n\n<p>Les frais de fonctionnement sont \u00e0 prendre en charge par les pouvoirs publics, pas par les individus : c&#8217;est la meilleure mani\u00e8re de r\u00e9partir l&#8217;effort financier. Le sujet de l&#8217;entretien des toilettes villeurbannaises est d&#8217;ailleurs travaill\u00e9 en ce moment avec la majorit\u00e9 m\u00e9tropolitaine. Nous discutons des moyens financiers mobilisables par la m\u00e9tropole pour les nettoyer et les entretenir. Nous esp\u00e9rons que ces discussions aboutiront de fa\u00e7on \u00e0 ce que les villeurbannaises et villeurbannais puissent b\u00e9n\u00e9ficier du meilleur service possible.<\/p>\n\n\n\n<p>La gratuit\u00e9 du service sera de mise \u00e0 l&#8217;avenir sur notre commune nous ne pouvons qu&#8217;en \u00eatre satisfaites et satisfaits.<\/p>\n\n\n\n<p>Nous voterons pour cette d\u00e9lib\u00e9ration.<\/p>\n","protected":false},"excerpt":{"rendered":"<p>Par Danielle CARASCO L&#8217;Assembl\u00e9e g\u00e9n\u00e9rale des Nations Unies a adopt\u00e9 en 2013 une r\u00e9solution intitul\u00e9e &#8220;Assainissement pour tous &#8220;. Depuis, chaque 19 novembre a lieu la journ\u00e9e mondiale des toilettes dont le but est de garantir \u00e0 toutes et tous un acc\u00e8s \u00e9gal et gratuit aux sanitaires. Cette th\u00e9matique m\u00eale droit \u00e0 la sant\u00e9, social,&#8230;<\/p>\n","protected":false},"author":1,"featured_media":0,"comment_status":"open","ping_status":"open","sticky":false,"template":"","format":"standard","meta":[],"categories":[190,7],"tags":[],"_links":{"self":[{"href":"https:\/\/villeurbanne-insoumise-ensemble.fr\/index.php?rest_route=\/wp\/v2\/posts\/1686"}],"collection":[{"href":"https:\/\/villeurbanne-insoumise-ensemble.fr\/index.php?rest_route=\/wp\/v2\/posts"}],"about":[{"href":"https:\/\/villeurbanne-insoumise-ensemble.fr\/index.php?rest_route=\/wp\/v2\/types\/post"}],"author":[{"embeddable":true,"href":"https:\/\/villeurbanne-insoumise-ensemble.fr\/index.php?rest_route=\/wp\/v2\/users\/1"}],"replies":[{"embeddable":true,"href":"https:\/\/villeurbanne-insoumise-ensemble.fr\/index.php?rest_route=%2Fwp%2Fv2%2Fcomments&post=1686"}],"version-history":[{"count":1,"href":"https:\/\/villeurbanne-insoumise-ensemble.fr\/index.php?rest_route=\/wp\/v2\/posts\/1686\/revisions"}],"predecessor-version":[{"id":1687,"href":"https:\/\/villeurbanne-insoumise-ensemble.fr\/index.php?rest_route=\/wp\/v2\/posts\/1686\/revisions\/1687"}],"wp:attachment":[{"href":"https:\/\/villeurbanne-insoumise-ensemble.fr\/index.php?rest_route=%2Fwp%2Fv2%2Fmedia&parent=1686"}],"wp:term":[{"taxonomy":"category","embeddable":true,"href":"https:\/\/villeurbanne-insoumise-ensemble.fr\/index.php?rest_route=%2Fwp%2Fv2%2Fcategories&post=1686"},{"taxonomy":"post_tag","embeddable":true,"href":"https:\/\/villeurbanne-insoumise-ensemble.fr\/index.php?rest_route=%2Fwp%2Fv2%2Ftags&post=1686"}],"curies":[{"name":"wp","href":"https:\/\/api.w.org\/{rel}","templated":true}]}}