{"id":1682,"date":"2023-12-18T12:05:59","date_gmt":"2023-12-18T11:05:59","guid":{"rendered":"https:\/\/villeurbanne-insoumise-ensemble.fr\/?p=1682"},"modified":"2024-01-16T14:18:18","modified_gmt":"2024-01-16T13:18:18","slug":"la-region-ne-peut-pas-rester-a-la-presidence-de-la-spl","status":"publish","type":"post","link":"https:\/\/villeurbanne-insoumise-ensemble.fr\/?p=1682","title":{"rendered":"La r\u00e9gion ne peut pas rester \u00e0 la pr\u00e9sidence de la SPL !"},"content":{"rendered":"\n<p><em>Par Morgane Guillas<\/em><\/p>\n\n\n\n<figure class=\"wp-block-embed is-type-video is-provider-youtube wp-block-embed-youtube wp-embed-aspect-16-9 wp-has-aspect-ratio\"><div class=\"wp-block-embed__wrapper\">\n<iframe loading=\"lazy\" title=\"Morgane GUILLAS - La r\u00e9gion ne peut pas rester \u00e0 la pr\u00e9sidence de la SPL !\" width=\"640\" height=\"360\" src=\"https:\/\/www.youtube.com\/embed\/hnku7QSYbs8?feature=oembed\" frameborder=\"0\" allow=\"accelerometer; autoplay; clipboard-write; encrypted-media; gyroscope; picture-in-picture; web-share\" allowfullscreen><\/iframe>\n<\/div><\/figure>\n\n\n\n<p>Comme a pu le rappeler Antoine Colliat, la SPL OSER est une soci\u00e9t\u00e9 d\u00e9tenue par des collectivit\u00e9s locales, des communes, de d\u00e9partements et la r\u00e9gion. Elle les aide \u00e0 organiser la r\u00e9novation \u00e9nerg\u00e9tique de leurs b\u00e2timents.&nbsp;<\/p>\n\n\n\n<p>La ville de Villeurbanne b\u00e9n\u00e9ficie par exemple de ses pr\u00e9cieux conseils. En 2022, la SPL et la ville ont sign\u00e9 un mandat de ma\u00eetrise d\u2019ouvrage pour la r\u00e9novation thermique de deux \u00e9coles et de leurs gymnases. Antoine Colliat l\u2019a d\u00e9taill\u00e9 donc je n\u2019y reviens pas plus.<\/p>\n\n\n\n<p>Chaque collectivit\u00e9 participe financi\u00e8rement \u00e0 la SPL. Jusqu\u2019\u00e0 pr\u00e9sent, comme on a pu l\u2019entendre, la r\u00e9gion Auvergne-Rh\u00f4ne-Alpes en d\u00e9tenait la part la plus importante, avec un capital de 5 millions d\u2019euros. Si je parle au pass\u00e9, c\u2019est que l\u2019ex\u00e9cutif r\u00e9gional de monsieur Wauquiez a d\u00e9cid\u00e9 de r\u00e9duire drastiquement la participation de la r\u00e9gion \u00e0 la SPL. D\u00e9sormais, elle n\u2019apportera au capital de la soci\u00e9t\u00e9 que le minimum requis pour en faire partie, c\u2019est-\u00e0-dire 50 000\u20ac. Elle baisse donc de 99% son financement \u00e0 la SPL.<\/p>\n\n\n\n<p>Que la r\u00e9gion souhaite quasiment supprimer ses financements publics \u00e0 une soci\u00e9t\u00e9 qui \u0153uvre pour la transition \u00e9cologique, c\u2019est son droit. Ce n&#8217;est d&#8217;ailleurs pas son premier fait d&#8217;arme, puisqu&#8217;elle s&#8217;est aussi retir\u00e9e il y a deux mois du financement et de l&#8217;animation de France R\u00e9nov&#8217; pour 2024. Nous verrons bien si cette enveloppe financi\u00e8re permettra de financer d\u2019autres projets qui \u0153uvrent pour la transition \u00e9cologique. En attendant, je laisserai chacun et chacune juge de ces d\u00e9cisions, \u00e0 l\u2019heure o\u00f9 il ne nous reste que quelques ann\u00e9es pour respecter l\u2019objectif de 1.5 degr\u00e9s.<\/p>\n\n\n\n<p>En revanche, si l&#8217;ex\u00e9cutif r\u00e9gional souhaite investir l&#8217;argent du contribuable ailleurs que dans la transition \u00e9cologique, il ne peut rester \u00e0 la pr\u00e9sidence de la SPL. Nous n&#8217;avons pas encore les informations concernant l&#8217;\u00e9volution de l&#8217;actionnariat, comme on a pu l\u2019entendre, mais nous serons vigilants pour que le pouvoir de d\u00e9cision de la r\u00e9gion au sein de la SPL soit coh\u00e9rant avec son d\u00e9sinvestissement. Il serait incompr\u00e9hensible, voire scandaleux, que son ex\u00e9cutif puisse y peser de fa\u00e7on disproportionn\u00e9e. Avec ce point de vigilance \u00e0 l&#8217;esprit, nous voterons bien s\u00fbr pour cette d\u00e9lib\u00e9ration.<\/p>\n","protected":false},"excerpt":{"rendered":"<p>Par Morgane Guillas Comme a pu le rappeler Antoine Colliat, la SPL OSER est une soci\u00e9t\u00e9 d\u00e9tenue par des collectivit\u00e9s locales, des communes, de d\u00e9partements et la r\u00e9gion. Elle les aide \u00e0 organiser la r\u00e9novation \u00e9nerg\u00e9tique de leurs b\u00e2timents.&nbsp; La ville de Villeurbanne b\u00e9n\u00e9ficie par exemple de ses pr\u00e9cieux conseils. En 2022, la SPL et&#8230;<\/p>\n","protected":false},"author":1,"featured_media":0,"comment_status":"open","ping_status":"open","sticky":false,"template":"","format":"standard","meta":[],"categories":[190,7],"tags":[],"_links":{"self":[{"href":"https:\/\/villeurbanne-insoumise-ensemble.fr\/index.php?rest_route=\/wp\/v2\/posts\/1682"}],"collection":[{"href":"https:\/\/villeurbanne-insoumise-ensemble.fr\/index.php?rest_route=\/wp\/v2\/posts"}],"about":[{"href":"https:\/\/villeurbanne-insoumise-ensemble.fr\/index.php?rest_route=\/wp\/v2\/types\/post"}],"author":[{"embeddable":true,"href":"https:\/\/villeurbanne-insoumise-ensemble.fr\/index.php?rest_route=\/wp\/v2\/users\/1"}],"replies":[{"embeddable":true,"href":"https:\/\/villeurbanne-insoumise-ensemble.fr\/index.php?rest_route=%2Fwp%2Fv2%2Fcomments&post=1682"}],"version-history":[{"count":1,"href":"https:\/\/villeurbanne-insoumise-ensemble.fr\/index.php?rest_route=\/wp\/v2\/posts\/1682\/revisions"}],"predecessor-version":[{"id":1683,"href":"https:\/\/villeurbanne-insoumise-ensemble.fr\/index.php?rest_route=\/wp\/v2\/posts\/1682\/revisions\/1683"}],"wp:attachment":[{"href":"https:\/\/villeurbanne-insoumise-ensemble.fr\/index.php?rest_route=%2Fwp%2Fv2%2Fmedia&parent=1682"}],"wp:term":[{"taxonomy":"category","embeddable":true,"href":"https:\/\/villeurbanne-insoumise-ensemble.fr\/index.php?rest_route=%2Fwp%2Fv2%2Fcategories&post=1682"},{"taxonomy":"post_tag","embeddable":true,"href":"https:\/\/villeurbanne-insoumise-ensemble.fr\/index.php?rest_route=%2Fwp%2Fv2%2Ftags&post=1682"}],"curies":[{"name":"wp","href":"https:\/\/api.w.org\/{rel}","templated":true}]}}