{"id":168,"date":"2021-03-30T10:26:39","date_gmt":"2021-03-30T08:26:39","guid":{"rendered":"http:\/\/villeurbanne-insoumise-ensemble.fr\/?p=168"},"modified":"2023-11-22T15:47:54","modified_gmt":"2023-11-22T14:47:54","slug":"aidons-les-acteurs-et-actrices-de-la-culture","status":"publish","type":"post","link":"https:\/\/villeurbanne-insoumise-ensemble.fr\/?p=168","title":{"rendered":"Aidons les acteurs et actrices de la culture !"},"content":{"rendered":"\n<p><em>Par Julien Ravello<\/em><\/p>\n\n\n\n<figure class=\"wp-block-embed is-type-video is-provider-youtube wp-block-embed-youtube wp-embed-aspect-16-9 wp-has-aspect-ratio\"><div class=\"wp-block-embed__wrapper\">\n<iframe loading=\"lazy\" title=\"Julien Ravello - Aidons les acteurs culturels !\" width=\"640\" height=\"360\" src=\"https:\/\/www.youtube.com\/embed\/9LcJOvsQhu4?feature=oembed\" frameborder=\"0\" allow=\"accelerometer; autoplay; clipboard-write; encrypted-media; gyroscope; picture-in-picture\" allowfullscreen><\/iframe>\n<\/div><\/figure>\n\n\n\n<p>Demain le Minist\u00e8re de la Culture d\u00e9signera Villeurbanne comme premi\u00e8re Ville laur\u00e9ate du label &#8220;capitale fran\u00e7aise de la culture&#8221;&#8230; enfin nous l&#8217;esp\u00e9rons toutes et tous. Nous tenons d&#8217;ailleurs \u00e0 remercier toutes les personnes qui ont travaill\u00e9 sur ce projet durant ces derni\u00e8res semaines.&nbsp;<\/p>\n\n\n\n<p>Demain, ce sera \u00e9galement le 17\u00e8me jour d&#8217;occupation du Th\u00e9\u00e2tre National Populaire (TNP) de Villeurbanne. Artistes et techniciens du spectacle vivant ont pris possession du TNP pour obtenir la r\u00e9ouverture des salles mais pas uniquement. Il s&#8217;agit aussi de &#8220;retrouver un peu de joie, d&#8217;espoir, de volont\u00e9 de r\u00e9sister&#8221;!<\/p>\n\n\n\n<p>Nous votons ce soir de nouvelles subventions en soutien aux acteurs culturels de Villeurbanne et c&#8217;est une tr\u00e8s bonne chose. Nous restons tout de m\u00eame vigilants car cet argent doit imp\u00e9rativement profiter \u00e0 l&#8217;embauche de salari\u00e9s, artistes comme techniciens, du spectacle. En effet, tr\u00e8s souvent, et surtout trop souvent, on constate une certaine uberisation du m\u00e9tier car les structures ne salarient pas les artistes, mais leur demandent d&#8217;intervenir sous forme de prestation, faisant reposer la charge de leur emploi aux artistes eux-m\u00eames. Le montant vers\u00e9 dans le cadre de ces &#8220;contrats de cession&#8221; est bien souvent en-de\u00e7a de ce qui permettrait de salarier tous les intermittents \u00e0 des montants conventionnels. Les paies sont parfois corr\u00e9l\u00e9es \u00e0 la recette de billetterie, ou simplement au chapeau, ce qui fait peser une charge et un risque suppl\u00e9mentaire sur les artistes qui deviennent d\u00e9pendants et donc de fait responsables de la communication autour de l&#8217;\u00e9v\u00e8nement. <\/p>\n\n\n\n<p>Lorsque le spectacle vivant pourra reprendre, il faut \u00e0 tout prix \u00e9viter que ces pratiques, ainsi que le chantage \u00e0 l&#8217;emploi, la banalisation du travail au noir, ne viennent s&#8217;additionner \u00e0 la situation dramatique dans laquelle se trouve le secteur. Les pertes de revenus engendr\u00e9es par la non activit\u00e9 provoquent aussi des pertes de revenus et de cotisations diff\u00e9r\u00e9es (retraites, maladie, maternit\u00e9, cong\u00e9s, droits d&#8217;auteurs ou d&#8217;interpr\u00e8te&#8230;).&nbsp;En tant que collectivit\u00e9 locale, nous devons \u00eatre vigilants et vigilantes \u00e0 ce que les conditions de travail des artistes soient respect\u00e9es et \u00e0 ce que le salariat soit la norme.&nbsp;<\/p>\n\n\n\n<p>Le mouvement d&#8217;ampleur d&#8217;occupation des lieux culturels porte d&#8217;autres revendications que nous souhaitions reprendre. Nous soutenons par exemple la mise en place d&#8217;un fond de soutien pour financer les salaires durant les r\u00e9p\u00e9titions, cr\u00e9ations, r\u00e9sidences et enregistrements qui ont lieu maintenant.&nbsp;Il en est de m\u00eame pour le maintien des droits sociaux, particuli\u00e8rement les droits \u00e0 cong\u00e9 maternit\u00e9 ou maladie dont la plupart des artistes sont aujourd&#8217;hui priv\u00e9s ; la prolongation de l&#8217;ann\u00e9e blanche pendant un an apr\u00e8s la reprise du travail avec le maintien des allocations des intermittents. Au 31\/08\/2021, l&#8217;ann\u00e9e blanche se termine sans aucune garantie par le gouvernement de nouvelles mesures de soutien !&nbsp;Enfin, il faut des mesures pour faciliter l&#8217;indemnisation des artistes et techniciens qui ne sont pas intermittents, notamment pour ceux en d\u00e9but de carri\u00e8re ou ayant subi un accident de carri\u00e8re.&nbsp;<\/p>\n\n\n\n<p>Il ne vous aura pas \u00e9chapp\u00e9 que le mouvement des acteurs de la culture associe l&#8217;ensemble des pr\u00e9caires qui subissent eux aussi les cons\u00e9quences de notre syst\u00e8me n\u00e9olib\u00e9ral. Il porte donc le retrait de la r\u00e9forme de l&#8217;assurance ch\u00f4mage, qui les rendra encore plus fragiles. Notre groupe ira plus loin en revendiquant la mise en place d&#8217;une v\u00e9ritable s\u00e9curit\u00e9 sociale professionnelle, qui attache des droits \u00e0 la personne et non au poste de travail et qui garantit le droit \u00e0 b\u00e9n\u00e9ficier d&#8217;un revenu digne. Tout travail est une contribution au bien commun. Et comme tout le monde est appel\u00e9 \u00e0 participer au bien commun, tout le monde doit pouvoir vivre d\u00e9cemment !<\/p>\n","protected":false},"excerpt":{"rendered":"<p>Par Julien Ravello Demain le Minist\u00e8re de la Culture d\u00e9signera Villeurbanne comme premi\u00e8re Ville laur\u00e9ate du label &#8220;capitale fran\u00e7aise de la culture&#8221;&#8230; enfin nous l&#8217;esp\u00e9rons toutes et tous. Nous tenons d&#8217;ailleurs \u00e0 remercier toutes les personnes qui ont travaill\u00e9 sur ce projet durant ces derni\u00e8res semaines.&nbsp; Demain, ce sera \u00e9galement le 17\u00e8me jour d&#8217;occupation du&#8230;<\/p>\n","protected":false},"author":1,"featured_media":0,"comment_status":"open","ping_status":"open","sticky":false,"template":"","format":"standard","meta":[],"categories":[95,7,21],"tags":[54],"_links":{"self":[{"href":"https:\/\/villeurbanne-insoumise-ensemble.fr\/index.php?rest_route=\/wp\/v2\/posts\/168"}],"collection":[{"href":"https:\/\/villeurbanne-insoumise-ensemble.fr\/index.php?rest_route=\/wp\/v2\/posts"}],"about":[{"href":"https:\/\/villeurbanne-insoumise-ensemble.fr\/index.php?rest_route=\/wp\/v2\/types\/post"}],"author":[{"embeddable":true,"href":"https:\/\/villeurbanne-insoumise-ensemble.fr\/index.php?rest_route=\/wp\/v2\/users\/1"}],"replies":[{"embeddable":true,"href":"https:\/\/villeurbanne-insoumise-ensemble.fr\/index.php?rest_route=%2Fwp%2Fv2%2Fcomments&post=168"}],"version-history":[{"count":3,"href":"https:\/\/villeurbanne-insoumise-ensemble.fr\/index.php?rest_route=\/wp\/v2\/posts\/168\/revisions"}],"predecessor-version":[{"id":696,"href":"https:\/\/villeurbanne-insoumise-ensemble.fr\/index.php?rest_route=\/wp\/v2\/posts\/168\/revisions\/696"}],"wp:attachment":[{"href":"https:\/\/villeurbanne-insoumise-ensemble.fr\/index.php?rest_route=%2Fwp%2Fv2%2Fmedia&parent=168"}],"wp:term":[{"taxonomy":"category","embeddable":true,"href":"https:\/\/villeurbanne-insoumise-ensemble.fr\/index.php?rest_route=%2Fwp%2Fv2%2Fcategories&post=168"},{"taxonomy":"post_tag","embeddable":true,"href":"https:\/\/villeurbanne-insoumise-ensemble.fr\/index.php?rest_route=%2Fwp%2Fv2%2Ftags&post=168"}],"curies":[{"name":"wp","href":"https:\/\/api.w.org\/{rel}","templated":true}]}}