{"id":1679,"date":"2023-12-01T05:16:00","date_gmt":"2023-12-01T04:16:00","guid":{"rendered":"https:\/\/villeurbanne-insoumise-ensemble.fr\/?p=1679"},"modified":"2023-11-28T11:19:25","modified_gmt":"2023-11-28T10:19:25","slug":"au-senat-210-personnes-en-cours-de-radicalisation-xenophobe","status":"publish","type":"post","link":"https:\/\/villeurbanne-insoumise-ensemble.fr\/?p=1679","title":{"rendered":"Au S\u00e9nat, 210 personnes en cours de radicalisation x\u00e9nophobe"},"content":{"rendered":"\n<p>Il y a 40 ans, 32 personnes ont parcouru plus de 1 000 kms entre Marseille et Paris lors de \u00ab La marche pour l\u2019\u00e9galit\u00e9 et contre le racisme \u00bb. Leurs revendications d\u2019alors font toujours \u00e9cho aujourd\u2019hui : faire cesser les crimes racistes, d\u00e9noncer les brutalit\u00e9s de policier\u00b7es envers les jeunes d\u2019origine maghr\u00e9bine, mais aussi le droit au logement, au travail, \u00e0 l\u2019\u00e9ducation. Bref, une \u00e9galit\u00e9 r\u00e9elle entre tous\u00b7tes les citoyen\u00b7nes et plus de droits pour les personnes \u00e9trang\u00e8res.<\/p>\n\n\n\n<p>C\u2019est pourtant l\u2019augmentation des discriminations sur fond de x\u00e9nophobie qui est pr\u00e9vue dans la n-i\u00e8me loi sur l\u2019immigration port\u00e9e par G. Darmanin. \u00c9tablissement de la double peine, renforcement de l\u2019amalgame entre \u00e9tranger\u00b7es et d\u00e9linquance, OQTF syst\u00e9matiques, retrait du titre de s\u00e9jour en cas de non-respect des \u00ab principes de la R\u00e9publique \u00bb : rien que ces mesures semblent tout droit sorties d\u2019un tract du RN. Les trouvant certainement trop laxistes, la droite s\u00e9natoriale n\u2019a fait que rajouter l\u2019obsc\u00e9nit\u00e9 \u00e0 l\u2019ind\u00e9cence. Elle a confirm\u00e9 la radicalisation de LR, en allant puiser directement dans le programme de l\u2019extr\u00eame-droite. La seule mesure pr\u00e9sent\u00e9e comme \u00ab humaniste \u00bb, qui accordait un titre de s\u00e9jour d\u2019un an pour les travailleur\u00b7euses des m\u00e9tiers en tension, a \u00e9t\u00e9 supprim\u00e9e. Les s\u00e9nateur\u00b7ices ont vot\u00e9 la suppression de l\u2019aide m\u00e9dicale d\u2019Etat, avec l\u2019aval du ministre. Rappelons que celle-ci permet que chacun\u00b7e ait acc\u00e8s aux soins de sant\u00e9. La supprimer est non seulement immoral, mais c\u2019est surtout stupide : prot\u00e9ger la sant\u00e9 des individus, c\u2019est prot\u00e9ger celle de tout le monde. Auraient-ils oubli\u00e9 l\u2019\u00e9pid\u00e9mie de Covid ?<\/p>\n\n\n\n<p>Nous savons pourtant bien qu\u2019une autre voie est possible : renforcer le droit du sol, lutter contre les discriminations comme nous le faisons \u00e0 Villeurbanne, r\u00e9gulariser les personnes sans papier, prendre en charge les exil\u00e9\u00b7es\u2026<\/p>\n\n\n\n<p>Les personnes qui quittent leur pays le font toujours dans la douleur et par obligation. Les accueillir dignement, c\u2019est notre devoir d\u2019humanit\u00e9.<\/p>\n","protected":false},"excerpt":{"rendered":"<p>Il y a 40 ans, 32 personnes ont parcouru plus de 1 000 kms entre Marseille et Paris lors de \u00ab La marche pour l\u2019\u00e9galit\u00e9 et contre le racisme \u00bb. Leurs revendications d\u2019alors font toujours \u00e9cho aujourd\u2019hui : faire cesser les crimes racistes, d\u00e9noncer les brutalit\u00e9s de policier\u00b7es envers les jeunes d\u2019origine maghr\u00e9bine, mais aussi&#8230;<\/p>\n","protected":false},"author":1,"featured_media":0,"comment_status":"open","ping_status":"open","sticky":false,"template":"","format":"standard","meta":[],"categories":[145,5,17],"tags":[76,57,188],"_links":{"self":[{"href":"https:\/\/villeurbanne-insoumise-ensemble.fr\/index.php?rest_route=\/wp\/v2\/posts\/1679"}],"collection":[{"href":"https:\/\/villeurbanne-insoumise-ensemble.fr\/index.php?rest_route=\/wp\/v2\/posts"}],"about":[{"href":"https:\/\/villeurbanne-insoumise-ensemble.fr\/index.php?rest_route=\/wp\/v2\/types\/post"}],"author":[{"embeddable":true,"href":"https:\/\/villeurbanne-insoumise-ensemble.fr\/index.php?rest_route=\/wp\/v2\/users\/1"}],"replies":[{"embeddable":true,"href":"https:\/\/villeurbanne-insoumise-ensemble.fr\/index.php?rest_route=%2Fwp%2Fv2%2Fcomments&post=1679"}],"version-history":[{"count":1,"href":"https:\/\/villeurbanne-insoumise-ensemble.fr\/index.php?rest_route=\/wp\/v2\/posts\/1679\/revisions"}],"predecessor-version":[{"id":1680,"href":"https:\/\/villeurbanne-insoumise-ensemble.fr\/index.php?rest_route=\/wp\/v2\/posts\/1679\/revisions\/1680"}],"wp:attachment":[{"href":"https:\/\/villeurbanne-insoumise-ensemble.fr\/index.php?rest_route=%2Fwp%2Fv2%2Fmedia&parent=1679"}],"wp:term":[{"taxonomy":"category","embeddable":true,"href":"https:\/\/villeurbanne-insoumise-ensemble.fr\/index.php?rest_route=%2Fwp%2Fv2%2Fcategories&post=1679"},{"taxonomy":"post_tag","embeddable":true,"href":"https:\/\/villeurbanne-insoumise-ensemble.fr\/index.php?rest_route=%2Fwp%2Fv2%2Ftags&post=1679"}],"curies":[{"name":"wp","href":"https:\/\/api.w.org\/{rel}","templated":true}]}}