{"id":166,"date":"2021-03-30T10:20:38","date_gmt":"2021-03-30T08:20:38","guid":{"rendered":"http:\/\/villeurbanne-insoumise-ensemble.fr\/?p=166"},"modified":"2023-11-22T15:47:45","modified_gmt":"2023-11-22T14:47:45","slug":"oui-aux-jardins-partages-mais-sans-financer-une-ecole-privee","status":"publish","type":"post","link":"https:\/\/villeurbanne-insoumise-ensemble.fr\/?p=166","title":{"rendered":"Oui aux jardins partag\u00e9s, mais sans financer une \u00e9cole priv\u00e9e !"},"content":{"rendered":"\n<p><em>Par Olivier Gl\u00fcck<\/em><\/p>\n\n\n\n<figure class=\"wp-block-embed is-type-video is-provider-youtube wp-block-embed-youtube wp-embed-aspect-16-9 wp-has-aspect-ratio\"><div class=\"wp-block-embed__wrapper\">\n<iframe loading=\"lazy\" title=\"Olivier Gl\u00fcck - Des jardins partag\u00e9s publics !\" width=\"640\" height=\"360\" src=\"https:\/\/www.youtube.com\/embed\/MJO3A29l_cY?feature=oembed\" frameborder=\"0\" allow=\"accelerometer; autoplay; clipboard-write; encrypted-media; gyroscope; picture-in-picture\" allowfullscreen><\/iframe>\n<\/div><\/figure>\n\n\n\n<p>Au nom de notre groupe, je souhaite vous pr\u00e9senter une courte explication de vote concernant l&#8217;attribution de subvention \u00e0 l&#8217;association Pirouette.<\/p>\n\n\n\n<p>Nous soutenons l&#8217;ensemble des projets de cette d\u00e9lib\u00e9ration. Particuli\u00e8rement, nous soutenons le d\u00e9veloppement des jardins partag\u00e9s \u00e0 Villeurbanne. Ceux-ci permettent la v\u00e9g\u00e9talisation comestible de la ville par les usagers, comme le lien \u00e0 la saisonnalit\u00e9, les produits sains et locaux, qui font la fiert\u00e9 des petits et grands. Mais ils permettent aussi, et surtout (!), la cr\u00e9ation de moments de convivialit\u00e9 et de partage, les interfaces entre usagers d&#8217;un m\u00eame quartier et le d\u00e9veloppement des liens sociaux, indispensables et encore plus en ce moment quand on s&#8217;en trouve priv\u00e9s.&nbsp;<\/p>\n\n\n\n<p>Le projet de cr\u00e9ation d&#8217;un jardin partag\u00e9 au Tonkin est un projet tr\u00e8s positif pour le quartier. Il permet le d\u00e9veloppement de la vie associative et de la vie de quartier autour d&#8217;un projet positif ! Il permet aussi l&#8217;occupation d&#8217;une zone, sur l&#8217;espace public, ou les usages vont pouvoir changer. Il permet aussi de r\u00e9unir des usagers, qu&#8217;il soit habitant.es de la r\u00e9sidence, enfants et parents de l&#8217;\u00e9cole publique Nigritelle Noire ou de l&#8217;\u00e9cole priv\u00e9e alternative Cam\u00e9l\u00e9on autour d&#8217;un projet commun o\u00f9 tout le monde peut s&#8217;investir et partager.&nbsp;Ce projet est ouvert sur le quartier et il se fera en lien avec les usagers et habitants ext\u00e9rieurs \u00e0 l&#8217;\u00e9cole.&nbsp;Nous esp\u00e9rons qu&#8217;il sera l&#8217;exemple pour de nombreux autres habitants et habitantes de Villeurbanne.&nbsp;<\/p>\n\n\n\n<p>J&#8217;\u00e9mets le souhait que les villeurbannais et villeurbannaises nous interpellent, nous adjoints de quartier, ainsi que mes coll\u00e8gues en charge de ces sujets, Alain Brissard et Morgane Guillas, s&#8217;ils souhaitent cr\u00e9er de nouveaux jardins partag\u00e9s proches de chez eux.<\/p>\n\n\n\n<p>Vous l&#8217;avez compris, nous saluons et encourageons les projets de ce type !<\/p>\n\n\n\n<p>Cependant, notre groupe a un point de vigilance et a donc d\u00e9cid\u00e9 de s&#8217;abstenir pour le vote de cette d\u00e9lib\u00e9ration. En effet, la subvention \u00e0 l&#8217;association Pirouette est directement li\u00e9e au financement d&#8217;une \u00e9cole priv\u00e9e hors contrat. Notre groupe souhaite que l&#8217;on s&#8217;en tienne au seul financement obligatoire des \u00e9coles priv\u00e9es, \u00e0 savoir le forfait obligatoire par \u00e9l\u00e8ve inscrit dans une \u00e9cole priv\u00e9e sous contrat. L&#8217;attribution d&#8217;une subvention, m\u00eame modique, \u00e0 une \u00e9cole priv\u00e9e en dehors de l&#8217;obligation r\u00e9glementaire, serait une premi\u00e8re que nous ne souhaitons pas.&nbsp;&nbsp;Nous aurions pr\u00e9f\u00e9r\u00e9 que le collectif porteur de l&#8217;initiative se constitue en association ind\u00e9pendante de l&#8217;\u00e9cole priv\u00e9e, m\u00eame si nous avons conscience des difficult\u00e9s de calendrier li\u00e9es \u00e0 la saisonnalit\u00e9 d&#8217;un tel projet.&nbsp;<\/p>\n","protected":false},"excerpt":{"rendered":"<p>Par Olivier Gl\u00fcck Au nom de notre groupe, je souhaite vous pr\u00e9senter une courte explication de vote concernant l&#8217;attribution de subvention \u00e0 l&#8217;association Pirouette. Nous soutenons l&#8217;ensemble des projets de cette d\u00e9lib\u00e9ration. Particuli\u00e8rement, nous soutenons le d\u00e9veloppement des jardins partag\u00e9s \u00e0 Villeurbanne. Ceux-ci permettent la v\u00e9g\u00e9talisation comestible de la ville par les usagers, comme le&#8230;<\/p>\n","protected":false},"author":1,"featured_media":0,"comment_status":"open","ping_status":"open","sticky":false,"template":"","format":"standard","meta":[],"categories":[95,7,21],"tags":[181,43],"_links":{"self":[{"href":"https:\/\/villeurbanne-insoumise-ensemble.fr\/index.php?rest_route=\/wp\/v2\/posts\/166"}],"collection":[{"href":"https:\/\/villeurbanne-insoumise-ensemble.fr\/index.php?rest_route=\/wp\/v2\/posts"}],"about":[{"href":"https:\/\/villeurbanne-insoumise-ensemble.fr\/index.php?rest_route=\/wp\/v2\/types\/post"}],"author":[{"embeddable":true,"href":"https:\/\/villeurbanne-insoumise-ensemble.fr\/index.php?rest_route=\/wp\/v2\/users\/1"}],"replies":[{"embeddable":true,"href":"https:\/\/villeurbanne-insoumise-ensemble.fr\/index.php?rest_route=%2Fwp%2Fv2%2Fcomments&post=166"}],"version-history":[{"count":2,"href":"https:\/\/villeurbanne-insoumise-ensemble.fr\/index.php?rest_route=\/wp\/v2\/posts\/166\/revisions"}],"predecessor-version":[{"id":698,"href":"https:\/\/villeurbanne-insoumise-ensemble.fr\/index.php?rest_route=\/wp\/v2\/posts\/166\/revisions\/698"}],"wp:attachment":[{"href":"https:\/\/villeurbanne-insoumise-ensemble.fr\/index.php?rest_route=%2Fwp%2Fv2%2Fmedia&parent=166"}],"wp:term":[{"taxonomy":"category","embeddable":true,"href":"https:\/\/villeurbanne-insoumise-ensemble.fr\/index.php?rest_route=%2Fwp%2Fv2%2Fcategories&post=166"},{"taxonomy":"post_tag","embeddable":true,"href":"https:\/\/villeurbanne-insoumise-ensemble.fr\/index.php?rest_route=%2Fwp%2Fv2%2Ftags&post=166"}],"curies":[{"name":"wp","href":"https:\/\/api.w.org\/{rel}","templated":true}]}}