{"id":1653,"date":"2023-11-22T10:55:00","date_gmt":"2023-11-22T09:55:00","guid":{"rendered":"http:\/\/villeurbanne-insoumise-ensemble.fr\/?p=1653"},"modified":"2023-11-23T12:02:22","modified_gmt":"2023-11-23T11:02:22","slug":"des-enfants-dorment-dans-cette-ecole","status":"publish","type":"post","link":"https:\/\/villeurbanne-insoumise-ensemble.fr\/?p=1653","title":{"rendered":"Des enfants dorment dans cette \u00e9cole"},"content":{"rendered":"\n<figure class=\"wp-block-audio\"><audio controls src=\"http:\/\/villeurbanne-insoumise-ensemble.fr\/wp-content\/uploads\/2023\/11\/JAMAIS-SANS-TOIT-audio-Marc.mp3\"><\/audio><\/figure>\n\n\n\n<p>Reportage \u00e0 l&#8217;\u00e9cole Mazenod (Lyon 3<sup>e<\/sup>), pendant les vacances de la Toussaint. L&#8217;\u00e9cole Mazenod est l&#8217;une des neuf \u00e9coles de la M\u00e9tropole de Lyon occup\u00e9es la nuit par des enfants sans-abri et leurs parents. Des occupations organis\u00e9es et coordonn\u00e9es par l&#8217;association &#8220;Jamais sans toit&#8221;.<\/p>\n\n\n\n<p>&#8220;<em>L\u00e0, en ce moment, les derniers chiffres qu&#8217;on a (mais c&#8217;\u00e9tait la semaine derni\u00e8re) c&#8217;\u00e9tait 311 enfants \u00e0 la rue, c&#8217;est-\u00e0-dire 60% de plus que l&#8217;an dernier \u00e0 la m\u00eame date. Moi je ne peux pas concevoir qu&#8217;en tant qu&#8217;enseignants on nous demande d&#8217;instruire et d&#8217;\u00e9duquer aux droits de l&#8217;enfant alors qu&#8217;ils ne sont pas respect\u00e9s dans notre propre pays<\/em>.&#8221;<\/p>\n\n\n\n<div class=\"wp-block-image\"><figure class=\"aligncenter size-large is-resized\"><img loading=\"lazy\" src=\"https:\/\/villeurbanne-insoumise-ensemble.fr\/wp-content\/uploads\/2023\/11\/2023.11.22_Ecole-Mazenod-4-recadree-1024x536.jpg\" alt=\"\" class=\"wp-image-1664\" width=\"580\" height=\"303\" srcset=\"https:\/\/villeurbanne-insoumise-ensemble.fr\/wp-content\/uploads\/2023\/11\/2023.11.22_Ecole-Mazenod-4-recadree-1024x536.jpg 1024w, https:\/\/villeurbanne-insoumise-ensemble.fr\/wp-content\/uploads\/2023\/11\/2023.11.22_Ecole-Mazenod-4-recadree-300x157.jpg 300w, https:\/\/villeurbanne-insoumise-ensemble.fr\/wp-content\/uploads\/2023\/11\/2023.11.22_Ecole-Mazenod-4-recadree-768x402.jpg 768w, https:\/\/villeurbanne-insoumise-ensemble.fr\/wp-content\/uploads\/2023\/11\/2023.11.22_Ecole-Mazenod-4-recadree-1536x804.jpg 1536w, https:\/\/villeurbanne-insoumise-ensemble.fr\/wp-content\/uploads\/2023\/11\/2023.11.22_Ecole-Mazenod-4-recadree-2048x1072.jpg 2048w, https:\/\/villeurbanne-insoumise-ensemble.fr\/wp-content\/uploads\/2023\/11\/2023.11.22_Ecole-Mazenod-4-recadree-850x445.jpg 850w\" sizes=\"(max-width: 580px) 100vw, 580px\" \/><\/figure><\/div>\n","protected":false},"excerpt":{"rendered":"<p>Reportage \u00e0 l&#8217;\u00e9cole Mazenod (Lyon 3e), pendant les vacances de la Toussaint. L&#8217;\u00e9cole Mazenod est l&#8217;une des neuf \u00e9coles de la M\u00e9tropole de Lyon occup\u00e9es la nuit par des enfants sans-abri et leurs parents.<\/p>\n","protected":false},"author":1,"featured_media":1663,"comment_status":"open","ping_status":"open","sticky":false,"template":"","format":"standard","meta":[],"categories":[1],"tags":[53],"_links":{"self":[{"href":"https:\/\/villeurbanne-insoumise-ensemble.fr\/index.php?rest_route=\/wp\/v2\/posts\/1653"}],"collection":[{"href":"https:\/\/villeurbanne-insoumise-ensemble.fr\/index.php?rest_route=\/wp\/v2\/posts"}],"about":[{"href":"https:\/\/villeurbanne-insoumise-ensemble.fr\/index.php?rest_route=\/wp\/v2\/types\/post"}],"author":[{"embeddable":true,"href":"https:\/\/villeurbanne-insoumise-ensemble.fr\/index.php?rest_route=\/wp\/v2\/users\/1"}],"replies":[{"embeddable":true,"href":"https:\/\/villeurbanne-insoumise-ensemble.fr\/index.php?rest_route=%2Fwp%2Fv2%2Fcomments&post=1653"}],"version-history":[{"count":3,"href":"https:\/\/villeurbanne-insoumise-ensemble.fr\/index.php?rest_route=\/wp\/v2\/posts\/1653\/revisions"}],"predecessor-version":[{"id":1665,"href":"https:\/\/villeurbanne-insoumise-ensemble.fr\/index.php?rest_route=\/wp\/v2\/posts\/1653\/revisions\/1665"}],"wp:featuredmedia":[{"embeddable":true,"href":"https:\/\/villeurbanne-insoumise-ensemble.fr\/index.php?rest_route=\/wp\/v2\/media\/1663"}],"wp:attachment":[{"href":"https:\/\/villeurbanne-insoumise-ensemble.fr\/index.php?rest_route=%2Fwp%2Fv2%2Fmedia&parent=1653"}],"wp:term":[{"taxonomy":"category","embeddable":true,"href":"https:\/\/villeurbanne-insoumise-ensemble.fr\/index.php?rest_route=%2Fwp%2Fv2%2Fcategories&post=1653"},{"taxonomy":"post_tag","embeddable":true,"href":"https:\/\/villeurbanne-insoumise-ensemble.fr\/index.php?rest_route=%2Fwp%2Fv2%2Ftags&post=1653"}],"curies":[{"name":"wp","href":"https:\/\/api.w.org\/{rel}","templated":true}]}}