{"id":1650,"date":"2023-11-22T10:45:42","date_gmt":"2023-11-22T09:45:42","guid":{"rendered":"http:\/\/villeurbanne-insoumise-ensemble.fr\/?p=1650"},"modified":"2023-11-23T12:02:14","modified_gmt":"2023-11-23T11:02:14","slug":"feu-le-squat-pyramides","status":"publish","type":"post","link":"https:\/\/villeurbanne-insoumise-ensemble.fr\/?p=1650","title":{"rendered":"Feu le squat Pyramides"},"content":{"rendered":"\n<figure class=\"wp-block-audio\"><audio controls src=\"http:\/\/villeurbanne-insoumise-ensemble.fr\/wp-content\/uploads\/2023\/11\/PYRAMIDE-audios-de-Marc.mp3\"><\/audio><\/figure>\n\n\n\n<p>Visite du squat Pyramides, dans le quartier de Gerland (Lyon 7\u00e8me), quelques jours avant l&#8217;expulsion du lieu par la police, \u00e0 36 heures du d\u00e9but de la tr\u00eave hivernale. Plus de 200 hommes, femmes et enfants vivaient dans cet ancien immeuble de bureaux, occup\u00e9 depuis deux ans et demi.<\/p>\n\n\n\n<p>&#8220;<em>Et c&#8217;est l\u00e0 o\u00f9 le soir, on vient, on se fait \u00e0 manger. On essaye d&#8217;avoir un minimum de vie, et c&#8217;est tr\u00e8s bien. Et \u00e7a, \u00e7a risque d&#8217;\u00eatre g\u00e2ch\u00e9 bient\u00f4t, parce qu&#8217;on est \u00e0 trois jours de la fin.<\/em>&#8220;<\/p>\n\n\n\n<div class=\"wp-block-image\"><figure class=\"aligncenter size-large is-resized\"><img loading=\"lazy\" src=\"https:\/\/villeurbanne-insoumise-ensemble.fr\/wp-content\/uploads\/2023\/11\/2023.11.22_Squat-Pyramide-2-rognee-1024x498.jpg\" alt=\"\" class=\"wp-image-1660\" width=\"649\" height=\"315\" srcset=\"https:\/\/villeurbanne-insoumise-ensemble.fr\/wp-content\/uploads\/2023\/11\/2023.11.22_Squat-Pyramide-2-rognee-1024x498.jpg 1024w, https:\/\/villeurbanne-insoumise-ensemble.fr\/wp-content\/uploads\/2023\/11\/2023.11.22_Squat-Pyramide-2-rognee-300x146.jpg 300w, https:\/\/villeurbanne-insoumise-ensemble.fr\/wp-content\/uploads\/2023\/11\/2023.11.22_Squat-Pyramide-2-rognee-768x374.jpg 768w, https:\/\/villeurbanne-insoumise-ensemble.fr\/wp-content\/uploads\/2023\/11\/2023.11.22_Squat-Pyramide-2-rognee-1536x747.jpg 1536w, https:\/\/villeurbanne-insoumise-ensemble.fr\/wp-content\/uploads\/2023\/11\/2023.11.22_Squat-Pyramide-2-rognee-850x414.jpg 850w, https:\/\/villeurbanne-insoumise-ensemble.fr\/wp-content\/uploads\/2023\/11\/2023.11.22_Squat-Pyramide-2-rognee.jpg 2000w\" sizes=\"(max-width: 649px) 100vw, 649px\" \/><\/figure><\/div>\n","protected":false},"excerpt":{"rendered":"<p>Visite du squat Pyramides, dans le quartier de Gerland (Lyon 7\u00e8me), quelques jours avant l&#8217;expulsion du lieu par la police, \u00e0 36 heures du d\u00e9but de la tr\u00eave hivernale. <\/p>\n","protected":false},"author":1,"featured_media":1662,"comment_status":"open","ping_status":"open","sticky":false,"template":"","format":"standard","meta":[],"categories":[1],"tags":[53],"_links":{"self":[{"href":"https:\/\/villeurbanne-insoumise-ensemble.fr\/index.php?rest_route=\/wp\/v2\/posts\/1650"}],"collection":[{"href":"https:\/\/villeurbanne-insoumise-ensemble.fr\/index.php?rest_route=\/wp\/v2\/posts"}],"about":[{"href":"https:\/\/villeurbanne-insoumise-ensemble.fr\/index.php?rest_route=\/wp\/v2\/types\/post"}],"author":[{"embeddable":true,"href":"https:\/\/villeurbanne-insoumise-ensemble.fr\/index.php?rest_route=\/wp\/v2\/users\/1"}],"replies":[{"embeddable":true,"href":"https:\/\/villeurbanne-insoumise-ensemble.fr\/index.php?rest_route=%2Fwp%2Fv2%2Fcomments&post=1650"}],"version-history":[{"count":3,"href":"https:\/\/villeurbanne-insoumise-ensemble.fr\/index.php?rest_route=\/wp\/v2\/posts\/1650\/revisions"}],"predecessor-version":[{"id":1661,"href":"https:\/\/villeurbanne-insoumise-ensemble.fr\/index.php?rest_route=\/wp\/v2\/posts\/1650\/revisions\/1661"}],"wp:featuredmedia":[{"embeddable":true,"href":"https:\/\/villeurbanne-insoumise-ensemble.fr\/index.php?rest_route=\/wp\/v2\/media\/1662"}],"wp:attachment":[{"href":"https:\/\/villeurbanne-insoumise-ensemble.fr\/index.php?rest_route=%2Fwp%2Fv2%2Fmedia&parent=1650"}],"wp:term":[{"taxonomy":"category","embeddable":true,"href":"https:\/\/villeurbanne-insoumise-ensemble.fr\/index.php?rest_route=%2Fwp%2Fv2%2Fcategories&post=1650"},{"taxonomy":"post_tag","embeddable":true,"href":"https:\/\/villeurbanne-insoumise-ensemble.fr\/index.php?rest_route=%2Fwp%2Fv2%2Ftags&post=1650"}],"curies":[{"name":"wp","href":"https:\/\/api.w.org\/{rel}","templated":true}]}}