{"id":163,"date":"2021-03-30T10:11:21","date_gmt":"2021-03-30T08:11:21","guid":{"rendered":"http:\/\/villeurbanne-insoumise-ensemble.fr\/?p=163"},"modified":"2023-11-22T15:47:12","modified_gmt":"2023-11-22T14:47:12","slug":"anticipons-nos-politiques-publiques","status":"publish","type":"post","link":"https:\/\/villeurbanne-insoumise-ensemble.fr\/?p=163","title":{"rendered":"Anticipons nos politiques publiques"},"content":{"rendered":"\n<p><em>Par Morgane Guillas<\/em><\/p>\n\n\n\n<figure class=\"wp-block-embed is-type-video is-provider-youtube wp-block-embed-youtube wp-embed-aspect-16-9 wp-has-aspect-ratio\"><div class=\"wp-block-embed__wrapper\">\n<iframe loading=\"lazy\" title=\"Morgane Guillas - Anticipons nos politiques publiques !\" width=\"640\" height=\"360\" src=\"https:\/\/www.youtube.com\/embed\/QeVoRGQvTJw?feature=oembed\" frameborder=\"0\" allow=\"accelerometer; autoplay; clipboard-write; encrypted-media; gyroscope; picture-in-picture\" allowfullscreen><\/iframe>\n<\/div><\/figure>\n\n\n\n<p>Au nom du groupe VIE!, je souhaite vous remercier pour ces pr\u00e9sentations du compte administratif.&nbsp;Il refl\u00e8te les d\u00e9cisions de notre collectivit\u00e9 sur le plan du bilan financier et des op\u00e9rations budg\u00e9taires. Le&nbsp; compte administratif nous permet de repr\u00e9senter la r\u00e9alit\u00e9 des faits et de notre action politique. Il concr\u00e9tise aussi, via les chiffres, nos d\u00e9clarations d&#8217;intentions politiques.&nbsp;Celui-ci est, pour moiti\u00e9, li\u00e9 \u00e0 la pr\u00e9c\u00e9dente majorit\u00e9, du fait de notre \u00e9lection en cours d&#8217;ann\u00e9e et pour l&#8217;autre moiti\u00e9, le d\u00e9but de l&#8217;application de nos objectifs de mandats. De ce fait, il me parait important de noter certains points que le groupe VIE! aimerait voir souligner \u00e0 l&#8217;avenir, \u00e0 l&#8217;occasion de cette d\u00e9lib\u00e9ration.<\/p>\n\n\n\n<p>Je pense particuli\u00e8rement au besoin d&#8217;anticipation de nos politiques publiques.&nbsp;Elle est n\u00e9cessaire pour 2 raisons principales li\u00e9es :&nbsp;&nbsp;&nbsp; <\/p>\n\n\n\n<p>&#8211; au niveau de la politique fonci\u00e8re qui doit \u00eatre en ad\u00e9quation avec nos ambitions et<\/p>\n\n\n\n<p>&#8211; au niveau de la planification des besoins en \u00e9quipements publics des villeurbannaises et des villeurbannais, et plus particuli\u00e8rement, lors de projets de densification d&#8217;habitat<\/p>\n\n\n\n<p>Concernant notre politique fonci\u00e8re, il est indispensable de r\u00e9server des terrains d\u00e8s que cela est possible. Cela permet la mise en \u0153uvre de nos projets de politiques publiques et surtout l&#8217;installation de ces \u00e9quipements publics.&nbsp;Le manque d&#8217;anticipation pour une r\u00e9serve fonci\u00e8re, dans des quartiers o\u00f9 la population a fortement augment\u00e9, emp\u00eache la cr\u00e9ation d&#8217;\u00e9quipements indispensables \u00e0 ces habitants. Cela nous am\u00e8ne \u00e0 g\u00e9rer dans l&#8217;urgence ces besoins. Cette urgence peut avoir pour cons\u00e9quences l&#8217;occupation d&#8217;espaces publics de proximit\u00e9 indispensables eux aussi \u00e0 la vie d&#8217;un quartier.<\/p>\n\n\n\n<p>Le manque d&#8217;anticipation via l&#8217;achat de r\u00e9serves fonci\u00e8res, nous conduit ainsi \u00e0 investir dans du provisoire pour faire face \u00e0 des situations d&#8217;urgence. Cela ne peut \u00eatre satisfaisant. Faisons en sorte, pendant notre mandat, de changer de pratique et de planifier nos investissements, pour que l&#8217;argent investi le soit pour des projets p\u00e9rennes et pour \u00e9viter les d\u00e9penses dans du provisoire.&nbsp;D&#8217;ailleurs, il nous faut r\u00e9fl\u00e9chir \u00e0 l&#8217;utilisation des modulaires que nous achetons pour les \u00e9coles et pour les autres b\u00e2timents ou extensions temporaires. Nous pouvons imaginer leur r\u00e9utilisation ou leur revente si des multi-usages sont pens\u00e9s d\u00e8s la conception.&nbsp;Des exemples positifs d&#8217;anticipation d&#8217;achats de fonciers nous permettront aussi d&#8217;envisager des projets d&#8217;am\u00e9nagements v\u00e9g\u00e9talis\u00e9s ou de nouvelles \u00e9coles et cr\u00e8ches comme dans les ZAC des gratte-Ciel et aux alentours.&nbsp;&nbsp;&nbsp;&nbsp;<\/p>\n\n\n\n<p>Concernant la planification des besoins des habitants lors de grands chantiers urbains est aussi indispensable. Nous avons besoin de pr\u00e9voir les \u00e9quipements qui seront n\u00e9cessaires pour les habitants, \u00e0 la fois dans les quartiers qu&#8217;on densifie en construisant beaucoup, et \u00e0 la fois dans la cr\u00e9ation de nouveaux quartiers d&#8217;habitation qui remplacent des friches industrielles, comme les ZAC et les PUP. Nous devons les anticiper finement et inclure les services publics essentiels pour les habitants. C&#8217;est notamment le cas du quartier Saint-Jean, o\u00f9 les op\u00e9rations de densification de l&#8217;habitat et de desserte, comme avec le T9, am\u00e8neront de nouveaux habitants et donc de nouveaux besoins qu&#8217;il faut planifier d\u00e8s \u00e0 pr\u00e9sent.<br>Nous observons certaines fois des d\u00e9calages de calendrier dans certains projets urbains pass\u00e9s qui ont pu provoquer des situations complexes, inconfortables et m\u00eame pr\u00e9caires certaines fois. <\/p>\n\n\n\n<p>Dans nos projets de mandat, nous avons des exemples de projets urbains o\u00f9 il nous faudra \u00eatre vigilants concernant cette anticipation pour \u00e9viter ces d\u00e9calages. Le projet de l&#8217;achat de la parcelle d&#8217;ACI est un de ces exemples, puisque la planification des \u00e9quipements dont ont besoin les nouveaux habitants sera \u00e0 planifier avant la construction de leurs immeubles. Cet espace pourrait permettre en plus l&#8217;installation d&#8217;un parc et des \u00e9quipements publics.<br>Un autre exemple est celui du nouveau quartier de Grand-Cl\u00e9ment o\u00f9 4 000 habitants vont arriver prochainement. Dans ce quartier, actuellement, il n&#8217;y a pas de structures socio-culturelles. Il nous faut aussi anticiper la demande d&#8217;offre de loisirs de ces nouveaux habitants, ainsi que l&#8217;accompagnement des habitants dans leurs acc\u00e8s aux droits avec l&#8217;implantation des acteurs sociaux n\u00e9cessaires, au plus proches de ces nouveaux espaces.&nbsp;&nbsp;&nbsp;&nbsp;<\/p>\n\n\n\n<p>Ce compte administratif et les points \u00e9voqu\u00e9s plus hauts, refl\u00e8tent aussi une situation de densification urbaine.&nbsp;En effet, si nous sommes aujourd&#8217;hui dans cette situation, c&#8217;est aussi parce que Villeurbanne est prise dans la logique plus g\u00e9n\u00e9rale de concentration des activit\u00e9s et des populations. Le ph\u00e9nom\u00e8ne de m\u00e9tropolisation, en vidant les villages et en remplissant les villes jusqu&#8217;\u00e0 ce qu&#8217;elles en d\u00e9bordent, force les mairies et les intercommunalit\u00e9s \u00e0 toujours plus densifier l&#8217;habitat. Nous transformons les pavillons en immeubles de cinq, six \u00e9tages. Nous construisons toujours plus de b\u00e2timents et, finalement, nous min\u00e9ralisons notre ville au d\u00e9triment des espaces verts, des jardins partag\u00e9s ou ouvriers, et des places publiques.&nbsp;Nous devons trouver un \u00e9quilibre salutaire entre la construction et la d\u00e9simperm\u00e9abilisation, et r\u00e9fl\u00e9chir \u00e0 une nouvelle fa\u00e7on de fabriquer la ville. <\/p>\n\n\n\n<p>Enfin, cette d\u00e9lib\u00e9ration refl\u00e8te la crise actuelle li\u00e9e \u00e0 la pand\u00e9mie. Comme \u00e7a a \u00e9t\u00e9 soulign\u00e9 et d\u00e9taill\u00e9 par vous tous pr\u00e9c\u00e9demment, je ferais court sur ce point mais il n&#8217;est pas possible de ne pas le citer. Cette crise de la Covid 19 nous a bien d\u00e9montr\u00e9&nbsp; que la concentration des populations dans les villes nous p\u00e9nalise doublement, \u00e0 la fois dans la transmission plus rapide du virus, et \u00e0 la fois dans les in\u00e9galit\u00e9s d&#8217;acc\u00e8s aux espaces verts ou \u00e0 des habitations plus grandes. Nous voyons \u00e9galement le d\u00e9calage dans le temps de nombreux projets port\u00e9s par la ville du fait de cette crise qui nous a tous beaucoup affect\u00e9 en 2020 et qui continue encore aujourd&#8217;hui. <\/p>\n\n\n\n<p>En conclusion, suite \u00e0 la mise en exergue de ces points de vigilances, \u00e0 la fois sur l&#8217;achat de fonciers et sur l&#8217;anticipation des besoins en services publics de nouveaux habitants, que nous esp\u00e9rons partager avec vous, le groupe VIE! votera pour cette d\u00e9lib\u00e9ration.&nbsp;<\/p>\n","protected":false},"excerpt":{"rendered":"<p>Par Morgane Guillas Au nom du groupe VIE!, je souhaite vous remercier pour ces pr\u00e9sentations du compte administratif.&nbsp;Il refl\u00e8te les d\u00e9cisions de notre collectivit\u00e9 sur le plan du bilan financier et des op\u00e9rations budg\u00e9taires. Le&nbsp; compte administratif nous permet de repr\u00e9senter la r\u00e9alit\u00e9 des faits et de notre action politique. Il concr\u00e9tise aussi, via les&#8230;<\/p>\n","protected":false},"author":1,"featured_media":0,"comment_status":"open","ping_status":"open","sticky":false,"template":"","format":"standard","meta":[],"categories":[95,7,21],"tags":[84,183],"_links":{"self":[{"href":"https:\/\/villeurbanne-insoumise-ensemble.fr\/index.php?rest_route=\/wp\/v2\/posts\/163"}],"collection":[{"href":"https:\/\/villeurbanne-insoumise-ensemble.fr\/index.php?rest_route=\/wp\/v2\/posts"}],"about":[{"href":"https:\/\/villeurbanne-insoumise-ensemble.fr\/index.php?rest_route=\/wp\/v2\/types\/post"}],"author":[{"embeddable":true,"href":"https:\/\/villeurbanne-insoumise-ensemble.fr\/index.php?rest_route=\/wp\/v2\/users\/1"}],"replies":[{"embeddable":true,"href":"https:\/\/villeurbanne-insoumise-ensemble.fr\/index.php?rest_route=%2Fwp%2Fv2%2Fcomments&post=163"}],"version-history":[{"count":3,"href":"https:\/\/villeurbanne-insoumise-ensemble.fr\/index.php?rest_route=\/wp\/v2\/posts\/163\/revisions"}],"predecessor-version":[{"id":699,"href":"https:\/\/villeurbanne-insoumise-ensemble.fr\/index.php?rest_route=\/wp\/v2\/posts\/163\/revisions\/699"}],"wp:attachment":[{"href":"https:\/\/villeurbanne-insoumise-ensemble.fr\/index.php?rest_route=%2Fwp%2Fv2%2Fmedia&parent=163"}],"wp:term":[{"taxonomy":"category","embeddable":true,"href":"https:\/\/villeurbanne-insoumise-ensemble.fr\/index.php?rest_route=%2Fwp%2Fv2%2Fcategories&post=163"},{"taxonomy":"post_tag","embeddable":true,"href":"https:\/\/villeurbanne-insoumise-ensemble.fr\/index.php?rest_route=%2Fwp%2Fv2%2Ftags&post=163"}],"curies":[{"name":"wp","href":"https:\/\/api.w.org\/{rel}","templated":true}]}}