{"id":1597,"date":"2023-11-01T15:39:00","date_gmt":"2023-11-01T14:39:00","guid":{"rendered":"https:\/\/villeurbanne-insoumise-ensemble.fr\/?p=1597"},"modified":"2023-11-23T12:01:04","modified_gmt":"2023-11-23T11:01:04","slug":"le-droit-de-survivre-sous-condition","status":"publish","type":"post","link":"https:\/\/villeurbanne-insoumise-ensemble.fr\/?p=1597","title":{"rendered":"Le droit de survivre sous condition"},"content":{"rendered":"\n<p>Le RSA emp\u00eacherait de chercher du travail : voil\u00e0 le mensonge sur lequel repose la nouvelle loi \u00ab Plein emploi \u00bb. Elle impose aux b\u00e9n\u00e9ficiaires de signer un contrat les contraignant \u00e0 une activit\u00e9 de 15 \u00e0 20h par semaine. Rappelons que parmi eux, 26% sont au RSA suite \u00e0 des probl\u00e8mes de sant\u00e9, du fait d&#8217;un handicap, et beaucoup sont aidants.<\/p>\n\n\n\n<p>Si Olivier Dussopt jure qu&#8217;il ne s&#8217;agira pas de travail gratuit, la r\u00e9alit\u00e9 lui donne tort. A la R\u00e9union o\u00f9 une exp\u00e9rimentation est en cours, les allocataires ont \u00e9t\u00e9 employ\u00e9s pendant les soldes. D&#8217;ailleurs, 40% des b\u00e9n\u00e9ficiaires n&#8217;atteignent pas les 15h impos\u00e9es car le nombre de ch\u00f4meurs est d\u00e9j\u00e0 bien sup\u00e9rieur \u00e0 celui des emplois non pourvus.<\/p>\n\n\n\n<p>Le contenu de ce travail forc\u00e9 est aussi flou qu&#8217;est pr\u00e9cise la sanction en cas de manquement : la suspension du RSA. Comme la r\u00e9forme de 2022 qui baisse leurs allocations aux ch\u00f4meurs, cette&nbsp; loi a pour objectif de faire travailler toujours plus pour \u00eatre toujours moins r\u00e9mun\u00e9r\u00e9. En encourageant la concurrence entre pr\u00e9caires, c&#8217;est l&#8217;av\u00e8nement du travail gratuit qui est vis\u00e9. Plus les conditions d&#8217;existence et de travail seront difficiles, plus on sera contraint d&#8217;accepter des emplois indignes et mal pay\u00e9s. Cela touche aujourd&#8217;hui les plus pauvres ; demain, c&#8217;est toute la classe moyenne qui sera concern\u00e9e par la baisse des salaires et le durcissement des conditions de travail.<\/p>\n\n\n\n<p>Cette r\u00e9forme est d&#8217;autant plus insupportable que des suspicions de conflit d&#8217;int\u00e9r\u00eat l&#8217;accompagnent. Une enqu\u00eate du m\u00e9dia <em>Blast<\/em> r\u00e9v\u00e8le qu&#8217;un ami d&#8217;E. Macron et d\u00e9put\u00e9, Marc Ferracci, est soup\u00e7onn\u00e9 de b\u00e9n\u00e9ficier financi\u00e8rement de la loi qu&#8217;il a particip\u00e9 \u00e0 cr\u00e9er, au d\u00e9triment du service public de P\u00f4le Emploi.<\/p>\n\n\n\n<p>Pour notre part, nous consid\u00e9rons que chacun a droit \u00e0 la dignit\u00e9. Il faut garantir un revenu sans condition qui corresponde a minima au seuil de pauvret\u00e9. Plut\u00f4t que d&#8217;exacerber la concurrence entre travailleurs, il faut am\u00e9liorer leurs conditions de travail, leurs salaires et la d\u00e9mocratie dans l&#8217;entreprise.<\/p>\n","protected":false},"excerpt":{"rendered":"<p>Le RSA emp\u00eacherait de chercher du travail : voil\u00e0 le mensonge sur lequel repose la nouvelle loi \u00ab Plein emploi \u00bb. Elle impose aux b\u00e9n\u00e9ficiaires de signer un contrat les contraignant \u00e0 une activit\u00e9 de 15 \u00e0 20h par semaine. Rappelons que parmi eux, 26% sont au RSA suite \u00e0 des probl\u00e8mes de sant\u00e9, du&#8230;<\/p>\n","protected":false},"author":1,"featured_media":0,"comment_status":"open","ping_status":"open","sticky":false,"template":"","format":"standard","meta":[],"categories":[145,17],"tags":[180,182],"_links":{"self":[{"href":"https:\/\/villeurbanne-insoumise-ensemble.fr\/index.php?rest_route=\/wp\/v2\/posts\/1597"}],"collection":[{"href":"https:\/\/villeurbanne-insoumise-ensemble.fr\/index.php?rest_route=\/wp\/v2\/posts"}],"about":[{"href":"https:\/\/villeurbanne-insoumise-ensemble.fr\/index.php?rest_route=\/wp\/v2\/types\/post"}],"author":[{"embeddable":true,"href":"https:\/\/villeurbanne-insoumise-ensemble.fr\/index.php?rest_route=\/wp\/v2\/users\/1"}],"replies":[{"embeddable":true,"href":"https:\/\/villeurbanne-insoumise-ensemble.fr\/index.php?rest_route=%2Fwp%2Fv2%2Fcomments&post=1597"}],"version-history":[{"count":1,"href":"https:\/\/villeurbanne-insoumise-ensemble.fr\/index.php?rest_route=\/wp\/v2\/posts\/1597\/revisions"}],"predecessor-version":[{"id":1598,"href":"https:\/\/villeurbanne-insoumise-ensemble.fr\/index.php?rest_route=\/wp\/v2\/posts\/1597\/revisions\/1598"}],"wp:attachment":[{"href":"https:\/\/villeurbanne-insoumise-ensemble.fr\/index.php?rest_route=%2Fwp%2Fv2%2Fmedia&parent=1597"}],"wp:term":[{"taxonomy":"category","embeddable":true,"href":"https:\/\/villeurbanne-insoumise-ensemble.fr\/index.php?rest_route=%2Fwp%2Fv2%2Fcategories&post=1597"},{"taxonomy":"post_tag","embeddable":true,"href":"https:\/\/villeurbanne-insoumise-ensemble.fr\/index.php?rest_route=%2Fwp%2Fv2%2Ftags&post=1597"}],"curies":[{"name":"wp","href":"https:\/\/api.w.org\/{rel}","templated":true}]}}