{"id":1594,"date":"2023-10-01T15:37:00","date_gmt":"2023-10-01T13:37:00","guid":{"rendered":"https:\/\/villeurbanne-insoumise-ensemble.fr\/?p=1594"},"modified":"2023-11-23T11:59:29","modified_gmt":"2023-11-23T10:59:29","slug":"bouleversement-climatique-agissons-avant-quil-ne-soit-trop-tard","status":"publish","type":"post","link":"https:\/\/villeurbanne-insoumise-ensemble.fr\/?p=1594","title":{"rendered":"Bouleversement climatique : agissons avant qu&#8217;il ne soit trop tard !"},"content":{"rendered":"\n<p>Chaque \u00e9t\u00e9, nous constatons davantage l&#8217;ampleur du bouleversement climatique. 2023 n&#8217;a pas \u00e9chapp\u00e9 \u00e0 la r\u00e8gle : feux records, canicules \u00e0 50\u00b0c, s\u00e9cheresses , pluies et inondations d\u00e9vastatrices, glissements de terrain, manque d&#8217;eau potable&#8230;<\/p>\n\n\n\n<p>Alors que la fen\u00eatre d&#8217;opportunit\u00e9 pour limiter le r\u00e9chauffement s&#8217;amenuise chaque jour, le climato-scepticisme se maintient, le pr\u00e9sident fran\u00e7ais remet la l\u00e9gion d&#8217;honneur au PDG de Total &#8211; entreprise qui pollue plus que tous les fran\u00e7ais -, et le plan canicule du gouvernement consiste \u00e0 faire des recensements, envoyer des SMS, et recommander de poser des stores. Si ce n&#8217;\u00e9tait pas si d\u00e9solant, on pourrait en rire.&nbsp;<\/p>\n\n\n\n<p>Nous devons imp\u00e9rativement r\u00e9duire nos \u00e9missions de gaz \u00e0 effet de serre et pr\u00e9parer une juste adaptation au changement climatique.<\/p>\n\n\n\n<p>R\u00e9duire nos \u00e9missions d&#8217;abord avec la question de la mobilit\u00e9. A Villeurbanne, nous am\u00e9nageons des trottoirs et pistes cyclables pour qu&#8217;il soit plus facile de se d\u00e9placer sans voiture. C\u00f4t\u00e9 transports en commun, les travaux pour la nouvelle ligne T6 sont en cours, ceux de la ligne T9 sont programm\u00e9s et une nouvelle ligne de bus rapide va \u00eatre cr\u00e9\u00e9e. Au sein de la mairie, nous rempla\u00e7ons nos vieux v\u00e9hicules par des voitures moins polluantes et augmentons le nombre de v\u00e9los municipaux.&nbsp;<\/p>\n\n\n\n<p>Nous adapter ensuite, en isolant les b\u00e2timents municipaux (\u00e9coles, maison du livre, ENM&#8230;) et les immeubles priv\u00e9s avec le dispositif Mieux chez moi. Nous continuons d\u2019enlever du bitume notamment dans les cours d&#8217;\u00e9coles (24 \u00e0 la fin du mandat) et de planter de la v\u00e9g\u00e9tation (642 arbres en 2021). La v\u00e9g\u00e9tation et l&#8217;eau sont en effet essentielles pour faire diminuer les temp\u00e9ratures. Nous encourageons donc les citoyen\u00b7nes \u00e0 planter, \u00e0 la fois avec la cr\u00e9ation de nouveaux jardins partag\u00e9s (Feuillantines et Bonneterre en 2023) et avec les jardins de rue (micro espaces de plantation).&nbsp;<\/p>\n\n\n\n<p>A chaque \u00e9chelle son effort. La pression citoyenne est essentielle pour multiplier nos actions nationalement. C&#8217;est le moment !<\/p>\n","protected":false},"excerpt":{"rendered":"<p>Chaque \u00e9t\u00e9, nous constatons davantage l&#8217;ampleur du bouleversement climatique. 2023 n&#8217;a pas \u00e9chapp\u00e9 \u00e0 la r\u00e8gle : feux records, canicules \u00e0 50\u00b0c, s\u00e9cheresses , pluies et inondations d\u00e9vastatrices, glissements de terrain, manque d&#8217;eau potable&#8230; Alors que la fen\u00eatre d&#8217;opportunit\u00e9 pour limiter le r\u00e9chauffement s&#8217;amenuise chaque jour, le climato-scepticisme se maintient, le pr\u00e9sident fran\u00e7ais remet la&#8230;<\/p>\n","protected":false},"author":1,"featured_media":0,"comment_status":"open","ping_status":"open","sticky":false,"template":"","format":"standard","meta":[],"categories":[145,17],"tags":[181],"_links":{"self":[{"href":"https:\/\/villeurbanne-insoumise-ensemble.fr\/index.php?rest_route=\/wp\/v2\/posts\/1594"}],"collection":[{"href":"https:\/\/villeurbanne-insoumise-ensemble.fr\/index.php?rest_route=\/wp\/v2\/posts"}],"about":[{"href":"https:\/\/villeurbanne-insoumise-ensemble.fr\/index.php?rest_route=\/wp\/v2\/types\/post"}],"author":[{"embeddable":true,"href":"https:\/\/villeurbanne-insoumise-ensemble.fr\/index.php?rest_route=\/wp\/v2\/users\/1"}],"replies":[{"embeddable":true,"href":"https:\/\/villeurbanne-insoumise-ensemble.fr\/index.php?rest_route=%2Fwp%2Fv2%2Fcomments&post=1594"}],"version-history":[{"count":2,"href":"https:\/\/villeurbanne-insoumise-ensemble.fr\/index.php?rest_route=\/wp\/v2\/posts\/1594\/revisions"}],"predecessor-version":[{"id":1596,"href":"https:\/\/villeurbanne-insoumise-ensemble.fr\/index.php?rest_route=\/wp\/v2\/posts\/1594\/revisions\/1596"}],"wp:attachment":[{"href":"https:\/\/villeurbanne-insoumise-ensemble.fr\/index.php?rest_route=%2Fwp%2Fv2%2Fmedia&parent=1594"}],"wp:term":[{"taxonomy":"category","embeddable":true,"href":"https:\/\/villeurbanne-insoumise-ensemble.fr\/index.php?rest_route=%2Fwp%2Fv2%2Fcategories&post=1594"},{"taxonomy":"post_tag","embeddable":true,"href":"https:\/\/villeurbanne-insoumise-ensemble.fr\/index.php?rest_route=%2Fwp%2Fv2%2Ftags&post=1594"}],"curies":[{"name":"wp","href":"https:\/\/api.w.org\/{rel}","templated":true}]}}