{"id":159,"date":"2021-03-29T20:13:20","date_gmt":"2021-03-29T18:13:20","guid":{"rendered":"http:\/\/villeurbanne-insoumise-ensemble.fr\/?p=159"},"modified":"2023-11-22T15:45:36","modified_gmt":"2023-11-22T14:45:36","slug":"nous-pouvons-porter-dautres-valeurs-que-celles-de-la-publicite","status":"publish","type":"post","link":"https:\/\/villeurbanne-insoumise-ensemble.fr\/?p=159","title":{"rendered":"Nous pouvons porter d\u2019autres valeurs que celles de la publicit\u00e9 !"},"content":{"rendered":"\n<p><em>Par Laure-Emmanuelle Pradelle<\/em><\/p>\n\n\n\n<figure class=\"wp-block-embed is-type-video is-provider-youtube wp-block-embed-youtube wp-embed-aspect-16-9 wp-has-aspect-ratio\"><div class=\"wp-block-embed__wrapper\">\n<iframe loading=\"lazy\" title=\"Laure-Emmanuelle Pradelle - Non \u00e0 la publicit\u00e9 !\" width=\"640\" height=\"360\" src=\"https:\/\/www.youtube.com\/embed\/jlBsET5eRZs?feature=oembed\" frameborder=\"0\" allow=\"accelerometer; autoplay; clipboard-write; encrypted-media; gyroscope; picture-in-picture\" allowfullscreen><\/iframe>\n<\/div><\/figure>\n\n\n\n<p>Pourquoi faudrait-il r\u00e9duire la place de la publicit\u00e9, et particuli\u00e8rement d\u2019un certain type de publicit\u00e9 ?<\/p>\n\n\n\n<p>La place de la publicit\u00e9 dans notre environnement est \u00e0 consid\u00e9rer, car elle occupe l\u2019espace public et diffuse des informations et messages qui ne sont pas sans cons\u00e9quences.<\/p>\n\n\n\n<p>Prenons un instant le point de vue d\u2019un enfant.<\/p>\n\n\n\n<p>La publicit\u00e9 a une grande influence sur sa vision et sa compr\u00e9hension du monde. Elle fa\u00e7onne ses go\u00fbts et son imaginaire, cr\u00e9\u00e9e ses envies, dirige ses demandes, conditionne ses futurs comportements d\u2019adulte.<\/p>\n\n\n\n<p>Beaucoup trop jeune pour remettre en question les messages publicitaires, il avale tout cru leurs normes et les valeurs que ces messages diffusent, du meilleur au pire. Les publicitaires le savent bien : les clich\u00e9s font bien plus vendre que les id\u00e9es progressistes. Encore de nos jours, on observe des publicit\u00e9s sexistes qui rabaissent les femmes au rang d\u2019objet, ou des publicit\u00e9s racistes qui font le buzz et rappellent \u00e0 chacun et chacune l\u2019existence d\u2019une marque.<\/p>\n\n\n\n<p>Et pour quoi faire ?<\/p>\n\n\n\n<p>Les entreprises qui ont les moyens de se payer un spot de publicit\u00e9 grand public que ce soit dans l\u2019espace public, \u00e0 la t\u00e9l\u00e9vision, \u00e0 la radio ou sur internet, sont celles qui ont le plus d\u2019argent. Les grands groupes sont les plus privil\u00e9gi\u00e9s, et leurs produits aussi : des produits standardis\u00e9s, fabriqu\u00e9s \u00e0 l\u2019autre bout du monde, sans normes sociales ou \u00e9cologiques, dont la dur\u00e9e de vie est volontairement tr\u00e8s limit\u00e9e et dont les recettes vont directement dans les paradis fiscaux.<\/p>\n\n\n\n<p>Les enfants apprennent donc, par la publicit\u00e9, qu\u2019acheter des choses que l\u2019on a d\u00e9j\u00e0 est <em>normal<\/em>, qu\u2019acheter sans en avoir un r\u00e9el besoin est <em>normal<\/em>, que jeter des objets qui sont encore utilisables est <em>normal<\/em>. Finalement, la publicit\u00e9 enseigne aux enfants tout l\u2019inverse de ce que nous avons besoin de leur faire comprendre : c\u2019est-\u00e0-dire qu\u2019il est impossible de consommer ind\u00e9finiment dans un monde fini.<\/p>\n\n\n\n<p>Les effets de la surconsommation sur le plan humain sont d\u00e9l\u00e9t\u00e8res et creusent les in\u00e9galit\u00e9s : malbouffe, frustration, individualisme, surendettement.<\/p>\n\n\n\n<p>Nous pouvons agir sur cela, et porter d\u2019autres valeurs que celles v\u00e9hicul\u00e9es par la soci\u00e9t\u00e9 de consommation dont la publicit\u00e9 est l\u2019expression la plus directe.<\/p>\n\n\n\n<p>La proposition, dans le R\u00e8glement Local de Publicit\u00e9, de limiter la publicit\u00e9 dans l\u2019espace priv\u00e9 et sur l\u2019espace public, \u00e0 proximit\u00e9 des \u00e9quipements accueillant du public, est \u00e0 soutenir.<\/p>\n\n\n\n<p>Aux abords des \u00e9tablissements scolaires, des \u00e9quipements sportifs et culturels, nous pouvons interdire la publicit\u00e9 pour prot\u00e9ger notre jeunesse des valeurs qu\u2019elle v\u00e9hicule. Soutenons plut\u00f4t le d\u00e9ploiement des panneaux d\u2019affichage libre ou ceux des conseils de quartier, qui sont un exemple d\u2019affichage public, qui permettent aux habitants de s\u2019exprimer, qui favorisent les liens sociaux, la coop\u00e9ration et la citoyennet\u00e9.<\/p>\n","protected":false},"excerpt":{"rendered":"<p>Par Laure-Emmanuelle Pradelle Pourquoi faudrait-il r\u00e9duire la place de la publicit\u00e9, et particuli\u00e8rement d\u2019un certain type de publicit\u00e9 ? La place de la publicit\u00e9 dans notre environnement est \u00e0 consid\u00e9rer, car elle occupe l\u2019espace public et diffuse des informations et messages qui ne sont pas sans cons\u00e9quences. Prenons un instant le point de vue d\u2019un&#8230;<\/p>\n","protected":false},"author":1,"featured_media":0,"comment_status":"open","ping_status":"open","sticky":false,"template":"","format":"standard","meta":[],"categories":[95,7,21],"tags":[181],"_links":{"self":[{"href":"https:\/\/villeurbanne-insoumise-ensemble.fr\/index.php?rest_route=\/wp\/v2\/posts\/159"}],"collection":[{"href":"https:\/\/villeurbanne-insoumise-ensemble.fr\/index.php?rest_route=\/wp\/v2\/posts"}],"about":[{"href":"https:\/\/villeurbanne-insoumise-ensemble.fr\/index.php?rest_route=\/wp\/v2\/types\/post"}],"author":[{"embeddable":true,"href":"https:\/\/villeurbanne-insoumise-ensemble.fr\/index.php?rest_route=\/wp\/v2\/users\/1"}],"replies":[{"embeddable":true,"href":"https:\/\/villeurbanne-insoumise-ensemble.fr\/index.php?rest_route=%2Fwp%2Fv2%2Fcomments&post=159"}],"version-history":[{"count":3,"href":"https:\/\/villeurbanne-insoumise-ensemble.fr\/index.php?rest_route=\/wp\/v2\/posts\/159\/revisions"}],"predecessor-version":[{"id":700,"href":"https:\/\/villeurbanne-insoumise-ensemble.fr\/index.php?rest_route=\/wp\/v2\/posts\/159\/revisions\/700"}],"wp:attachment":[{"href":"https:\/\/villeurbanne-insoumise-ensemble.fr\/index.php?rest_route=%2Fwp%2Fv2%2Fmedia&parent=159"}],"wp:term":[{"taxonomy":"category","embeddable":true,"href":"https:\/\/villeurbanne-insoumise-ensemble.fr\/index.php?rest_route=%2Fwp%2Fv2%2Fcategories&post=159"},{"taxonomy":"post_tag","embeddable":true,"href":"https:\/\/villeurbanne-insoumise-ensemble.fr\/index.php?rest_route=%2Fwp%2Fv2%2Ftags&post=159"}],"curies":[{"name":"wp","href":"https:\/\/api.w.org\/{rel}","templated":true}]}}