{"id":1552,"date":"2023-10-11T14:30:52","date_gmt":"2023-10-11T12:30:52","guid":{"rendered":"http:\/\/villeurbanne-insoumise-ensemble.fr\/?p=1552"},"modified":"2023-11-23T12:00:38","modified_gmt":"2023-11-23T11:00:38","slug":"cest-bon-le-contrat-local-de-sante-est-signe","status":"publish","type":"post","link":"https:\/\/villeurbanne-insoumise-ensemble.fr\/?p=1552","title":{"rendered":"C&#8217;est bon : le Contrat local de sant\u00e9 est sign\u00e9 !"},"content":{"rendered":"\n<p>Lundi 9 octobre, nous votions l&#8217;adoption du nouveau Contrat local de sant\u00e9. Il durera 5 ans et prend en compte les trois transitions port\u00e9es dans le programme de la majorit\u00e9 municipale : la lutte contre les discriminations, la d\u00e9mocratie, et l&#8217;\u00e9cologie.<\/p>\n\n\n\n<p>C&#8217;est chose faite : le contrat est d\u00e9sormais sign\u00e9 !<\/p>\n\n\n\n<p>Pour en savoir plus sur le contrat, rendez-vous sur le <a href=\"https:\/\/viva.villeurbanne.fr\/l-essentiel\/2023\/octobre\/un-nouveau-contrat-local-de-sante-a-villeurbanne\" target=\"_blank\" rel=\"noreferrer noopener\">VIVA interactif<\/a>, l&#8217;<a href=\"http:\/\/villeurbanne-insoumise-ensemble.fr\/?p=1511\" target=\"_blank\" rel=\"noreferrer noopener\">intervention d&#8217;Agathe Fort<\/a> (troisi\u00e8me adjointe \u00e0 la sant\u00e9, \u00e0 la ville inclusive et \u00e0 la lutte contre les discriminations) et son <a href=\"https:\/\/viva.villeurbanne.fr\/l-essentiel\/2023\/octobre\/agathe-fort-la-sante-doit-etre-apprehendee-comme-un-etat-de-complet-bien-etre-physique-mental-et-social\" target=\"_blank\" rel=\"noreferrer noopener\">interview<\/a>.<\/p>\n\n\n\n<figure class=\"wp-block-image size-large\"><img loading=\"lazy\" width=\"1024\" height=\"815\" src=\"http:\/\/villeurbanne-insoumise-ensemble.fr\/wp-content\/uploads\/2023\/10\/2023.10_Progres-Contrat-local-de-sante-1024x815.png\" alt=\"\" class=\"wp-image-1551\" srcset=\"https:\/\/villeurbanne-insoumise-ensemble.fr\/wp-content\/uploads\/2023\/10\/2023.10_Progres-Contrat-local-de-sante-1024x815.png 1024w, https:\/\/villeurbanne-insoumise-ensemble.fr\/wp-content\/uploads\/2023\/10\/2023.10_Progres-Contrat-local-de-sante-300x239.png 300w, https:\/\/villeurbanne-insoumise-ensemble.fr\/wp-content\/uploads\/2023\/10\/2023.10_Progres-Contrat-local-de-sante-768x611.png 768w, https:\/\/villeurbanne-insoumise-ensemble.fr\/wp-content\/uploads\/2023\/10\/2023.10_Progres-Contrat-local-de-sante-1536x1222.png 1536w, https:\/\/villeurbanne-insoumise-ensemble.fr\/wp-content\/uploads\/2023\/10\/2023.10_Progres-Contrat-local-de-sante-850x676.png 850w, https:\/\/villeurbanne-insoumise-ensemble.fr\/wp-content\/uploads\/2023\/10\/2023.10_Progres-Contrat-local-de-sante.png 1969w\" sizes=\"(max-width: 1024px) 100vw, 1024px\" \/><figcaption>Le Progr\u00e8s<\/figcaption><\/figure>\n\n\n\n<p><\/p>\n","protected":false},"excerpt":{"rendered":"<p>Lundi 9 octobre, nous votions l&#8217;adoption du nouveau Contrat local de sant\u00e9. Il durera 5 ans et prend en compte les trois transitions port\u00e9es dans le programme de la majorit\u00e9 municipale : la lutte contre les discriminations, la d\u00e9mocratie, et l&#8217;\u00e9cologie. C&#8217;est chose faite : le contrat est d\u00e9sormais sign\u00e9 ! Pour en savoir plus&#8230;<\/p>\n","protected":false},"author":1,"featured_media":1556,"comment_status":"open","ping_status":"open","sticky":false,"template":"","format":"standard","meta":[],"categories":[5],"tags":[140],"_links":{"self":[{"href":"https:\/\/villeurbanne-insoumise-ensemble.fr\/index.php?rest_route=\/wp\/v2\/posts\/1552"}],"collection":[{"href":"https:\/\/villeurbanne-insoumise-ensemble.fr\/index.php?rest_route=\/wp\/v2\/posts"}],"about":[{"href":"https:\/\/villeurbanne-insoumise-ensemble.fr\/index.php?rest_route=\/wp\/v2\/types\/post"}],"author":[{"embeddable":true,"href":"https:\/\/villeurbanne-insoumise-ensemble.fr\/index.php?rest_route=\/wp\/v2\/users\/1"}],"replies":[{"embeddable":true,"href":"https:\/\/villeurbanne-insoumise-ensemble.fr\/index.php?rest_route=%2Fwp%2Fv2%2Fcomments&post=1552"}],"version-history":[{"count":2,"href":"https:\/\/villeurbanne-insoumise-ensemble.fr\/index.php?rest_route=\/wp\/v2\/posts\/1552\/revisions"}],"predecessor-version":[{"id":1557,"href":"https:\/\/villeurbanne-insoumise-ensemble.fr\/index.php?rest_route=\/wp\/v2\/posts\/1552\/revisions\/1557"}],"wp:featuredmedia":[{"embeddable":true,"href":"https:\/\/villeurbanne-insoumise-ensemble.fr\/index.php?rest_route=\/wp\/v2\/media\/1556"}],"wp:attachment":[{"href":"https:\/\/villeurbanne-insoumise-ensemble.fr\/index.php?rest_route=%2Fwp%2Fv2%2Fmedia&parent=1552"}],"wp:term":[{"taxonomy":"category","embeddable":true,"href":"https:\/\/villeurbanne-insoumise-ensemble.fr\/index.php?rest_route=%2Fwp%2Fv2%2Fcategories&post=1552"},{"taxonomy":"post_tag","embeddable":true,"href":"https:\/\/villeurbanne-insoumise-ensemble.fr\/index.php?rest_route=%2Fwp%2Fv2%2Ftags&post=1552"}],"curies":[{"name":"wp","href":"https:\/\/api.w.org\/{rel}","templated":true}]}}