{"id":1513,"date":"2023-10-11T12:03:29","date_gmt":"2023-10-11T10:03:29","guid":{"rendered":"http:\/\/villeurbanne-insoumise-ensemble.fr\/?p=1513"},"modified":"2024-01-16T14:19:11","modified_gmt":"2024-01-16T13:19:11","slug":"nous-construisons-un-veritable-droit-a-lalimentation","status":"publish","type":"post","link":"https:\/\/villeurbanne-insoumise-ensemble.fr\/?p=1513","title":{"rendered":"Nous construisons un v\u00e9ritable droit \u00e0 l&#8217;alimentation"},"content":{"rendered":"\n<p><em>Par Mathieu GARABEDIAN<\/em><\/p>\n\n\n\n<figure class=\"wp-block-embed is-type-video is-provider-youtube wp-block-embed-youtube wp-embed-aspect-16-9 wp-has-aspect-ratio\"><div class=\"wp-block-embed__wrapper\">\n<iframe loading=\"lazy\" title=\"Mathieu GARABEDIAN - Nous construisons un v\u00e9ritable droit \u00e0 l&#039;alimentation\" width=\"640\" height=\"360\" src=\"https:\/\/www.youtube.com\/embed\/dZuvOK9hk9k?feature=oembed\" frameborder=\"0\" allow=\"accelerometer; autoplay; clipboard-write; encrypted-media; gyroscope; picture-in-picture; web-share\" allowfullscreen><\/iframe>\n<\/div><\/figure>\n\n\n\n<p>C\u2019est une d\u00e9lib\u00e9ration qui s\u2019inscrit dans notre strat\u00e9gie locale de lutte contre la pr\u00e9carit\u00e9 alimentaire. C\u2019est une d\u00e9marche, pour m\u00e9moire, qu\u2019on a initi\u00e9e depuis le d\u00e9but du mandat et qui a \u00e9t\u00e9 port\u00e9e par le centre communal d\u2019action social pendant plus d\u2019un an avec trois commissions consultatives, rassemblant une grande partie des associations et des acteurs de la solidarit\u00e9 alimentaire et les institutions autour du CCAS. \u00c7a a d\u00e9bouch\u00e9 sur un rapport et un diagnostic de ce qu\u2019\u00e9taient les besoins en alimentation sur Villeurbanne, et l\u2019offre qui \u00e9tait pr\u00e9sente, et une feuille de route pour le CCAS, pour construire un v\u00e9ritable droit \u00e0 l\u2019alimentation sur Villeurbanne.<\/p>\n\n\n\n<p>\u00c7a a amen\u00e9 plusieurs axes de travail. Un \u00e9videmment pour soutenir les acteurs d\u00e9j\u00e0 pr\u00e9sents et c\u2019est le cas de cette d\u00e9lib\u00e9ration. Soutenir et puis m\u00eame permettre la cr\u00e9ation de nouvelles structures si besoin pour compl\u00e9ter l\u2019offre. \u00c7a a \u00e9t\u00e9 notamment la cr\u00e9ation du projet Archipel sur le parking Rapha\u00ebl de Barros que vous connaissez&nbsp;; \u00e7a va \u00eatre prochainement, dans un prochain conseil, la mise en place d\u2019une exp\u00e9rimentation de fili\u00e8res compl\u00e9mentaires \u00e0 l\u2019aide alimentaire sur les produits choisis.<\/p>\n\n\n\n<p>Voil\u00e0, donc \u00e7a s\u2019inscrit dans un travail coh\u00e9rent mais difficile, avec \u00e9videmment des chiffres qui font un peu froid dans le dos, avec une personne sur six qui aujourd\u2019hui ne mange pas \u00e0 sa faim en France. Forc\u00e9ment, un pourcentage qui a augment\u00e9 avec l\u2019inflation que nous connaissons. Et pour les structures de l\u2019aide alimentaire, une baisse des dons, des petits dons, et \u00e9videmment une augmentation des co\u00fbts des produits, avec notamment l\u2019\u00e9v\u00e9nement qu\u2019on a connu pour les Restau du C\u0153ur, mais malheureusement c\u2019est assez g\u00e9n\u00e9ralis\u00e9 pour les structures de ce type.<\/p>\n","protected":false},"excerpt":{"rendered":"<p>Par Mathieu GARABEDIAN C\u2019est une d\u00e9lib\u00e9ration qui s\u2019inscrit dans notre strat\u00e9gie locale de lutte contre la pr\u00e9carit\u00e9 alimentaire. C\u2019est une d\u00e9marche, pour m\u00e9moire, qu\u2019on a initi\u00e9e depuis le d\u00e9but du mandat et qui a \u00e9t\u00e9 port\u00e9e par le centre communal d\u2019action social pendant plus d\u2019un an avec trois commissions consultatives, rassemblant une grande partie des&#8230;<\/p>\n","protected":false},"author":1,"featured_media":0,"comment_status":"open","ping_status":"open","sticky":false,"template":"","format":"standard","meta":[],"categories":[190,7],"tags":[82],"_links":{"self":[{"href":"https:\/\/villeurbanne-insoumise-ensemble.fr\/index.php?rest_route=\/wp\/v2\/posts\/1513"}],"collection":[{"href":"https:\/\/villeurbanne-insoumise-ensemble.fr\/index.php?rest_route=\/wp\/v2\/posts"}],"about":[{"href":"https:\/\/villeurbanne-insoumise-ensemble.fr\/index.php?rest_route=\/wp\/v2\/types\/post"}],"author":[{"embeddable":true,"href":"https:\/\/villeurbanne-insoumise-ensemble.fr\/index.php?rest_route=\/wp\/v2\/users\/1"}],"replies":[{"embeddable":true,"href":"https:\/\/villeurbanne-insoumise-ensemble.fr\/index.php?rest_route=%2Fwp%2Fv2%2Fcomments&post=1513"}],"version-history":[{"count":1,"href":"https:\/\/villeurbanne-insoumise-ensemble.fr\/index.php?rest_route=\/wp\/v2\/posts\/1513\/revisions"}],"predecessor-version":[{"id":1514,"href":"https:\/\/villeurbanne-insoumise-ensemble.fr\/index.php?rest_route=\/wp\/v2\/posts\/1513\/revisions\/1514"}],"wp:attachment":[{"href":"https:\/\/villeurbanne-insoumise-ensemble.fr\/index.php?rest_route=%2Fwp%2Fv2%2Fmedia&parent=1513"}],"wp:term":[{"taxonomy":"category","embeddable":true,"href":"https:\/\/villeurbanne-insoumise-ensemble.fr\/index.php?rest_route=%2Fwp%2Fv2%2Fcategories&post=1513"},{"taxonomy":"post_tag","embeddable":true,"href":"https:\/\/villeurbanne-insoumise-ensemble.fr\/index.php?rest_route=%2Fwp%2Fv2%2Ftags&post=1513"}],"curies":[{"name":"wp","href":"https:\/\/api.w.org\/{rel}","templated":true}]}}