{"id":151,"date":"2021-03-29T16:06:09","date_gmt":"2021-03-29T14:06:09","guid":{"rendered":"http:\/\/villeurbanne-insoumise-ensemble.fr\/?p=151"},"modified":"2023-11-22T15:45:02","modified_gmt":"2023-11-22T14:45:02","slug":"debout-les-femmes-une-avant-premiere","status":"publish","type":"post","link":"https:\/\/villeurbanne-insoumise-ensemble.fr\/?p=151","title":{"rendered":"&#8220;Debout les femmes !&#8221;, une avant-premi\u00e8re"},"content":{"rendered":"\n<p>\u00c9mouvant, intelligent, r\u00e9aliste : voil\u00e0 les premi\u00e8res impressions d&#8217;Agathe Fort, Aurore Gorriquer, Mathieu Garabedian (<a href=\"https:\/\/www.facebook.com\/Villeurbanne-Insoumise-Ensemble-113112187236198\">groupe VIE !<\/a>) et de Laurent Legendre (<a href=\"https:\/\/www.facebook.com\/groupemirs\">groupe MIRS<\/a>, m\u00e9tropole de Lyon)  qui ont eu la chance de voir le film &#8220;Debout les femmes !&#8221; r\u00e9alis\u00e9 par <a href=\"https:\/\/www.facebook.com\/GillesPerret68?__cft__[0]=AZUCE02egmmA_t4Y1A9MSUl_OxBKI53dWgHJbeeR_hQ2IMm54PMYA0prV-Yobv3EQbykX6UGkoWavuROoTbvofuUuSkE6qxDqdXMXXNyMvjYOsGujgac7uf5FODfe8SPnNL4hxgL19vrvfIVkZocIP8I-tM4vucGzAEmX8unv-Cvpg&amp;__tn__=-]K-R\">Gilles Perret<\/a> et <a href=\"https:\/\/www.facebook.com\/FrancoisRuffin80\/?__cft__[0]=AZUCE02egmmA_t4Y1A9MSUl_OxBKI53dWgHJbeeR_hQ2IMm54PMYA0prV-Yobv3EQbykX6UGkoWavuROoTbvofuUuSkE6qxDqdXMXXNyMvjYOsGujgac7uf5FODfe8SPnNL4hxgL19vrvfIVkZocIP8I-tM4vucGzAEmX8unv-Cvpg&amp;__tn__=kK-R\">Fran\u00e7ois Ruffin<\/a>. L&#8217;avant premi\u00e8re a \u00e9t\u00e9 pr\u00e9c\u00e9d\u00e9e d&#8217;une rencontre avec Fran\u00e7ois Ruffin, pour discuter m\u00e9tiers du lien et actions locales. En attendant de pouvoir vous rendre au cin\u00e9ma, vous pouvez quand m\u00eame regarder l&#8217;affiche du film : c&#8217;est prometteur !<\/p>\n\n\n\n<div class=\"wp-block-image\"><figure class=\"aligncenter size-medium is-resized\"><img loading=\"lazy\" src=\"http:\/\/villeurbanne-insoumise-ensemble.fr\/wp-content\/uploads\/2021\/03\/affiche-debout-les-femmes-201x300.jpg\" alt=\"\" class=\"wp-image-154\" width=\"382\" height=\"570\" srcset=\"https:\/\/villeurbanne-insoumise-ensemble.fr\/wp-content\/uploads\/2021\/03\/affiche-debout-les-femmes-201x300.jpg 201w, https:\/\/villeurbanne-insoumise-ensemble.fr\/wp-content\/uploads\/2021\/03\/affiche-debout-les-femmes-686x1024.jpg 686w, https:\/\/villeurbanne-insoumise-ensemble.fr\/wp-content\/uploads\/2021\/03\/affiche-debout-les-femmes-768x1147.jpg 768w, https:\/\/villeurbanne-insoumise-ensemble.fr\/wp-content\/uploads\/2021\/03\/affiche-debout-les-femmes.jpg 964w\" sizes=\"(max-width: 382px) 100vw, 382px\" \/><figcaption>Affiche du film <em>Debout les femmes !<\/em><\/figcaption><\/figure><\/div>\n","protected":false},"excerpt":{"rendered":"<p>\u00c9mouvant, intelligent, r\u00e9aliste : voil\u00e0 les premi\u00e8res impressions d&#8217;Agathe Fort, Aurore Gorriquer, Mathieu Garabedian (groupe VIE !) et de Laurent Legendre (groupe MIRS, m\u00e9tropole de Lyon) qui ont eu la chance de voir le film &#8220;Debout les femmes !&#8221; r\u00e9alis\u00e9 par Gilles Perret et Fran\u00e7ois Ruffin. L&#8217;avant premi\u00e8re a \u00e9t\u00e9 pr\u00e9c\u00e9d\u00e9e d&#8217;une rencontre avec Fran\u00e7ois&#8230;<\/p>\n","protected":false},"author":1,"featured_media":152,"comment_status":"open","ping_status":"open","sticky":false,"template":"","format":"standard","meta":[],"categories":[5],"tags":[182],"_links":{"self":[{"href":"https:\/\/villeurbanne-insoumise-ensemble.fr\/index.php?rest_route=\/wp\/v2\/posts\/151"}],"collection":[{"href":"https:\/\/villeurbanne-insoumise-ensemble.fr\/index.php?rest_route=\/wp\/v2\/posts"}],"about":[{"href":"https:\/\/villeurbanne-insoumise-ensemble.fr\/index.php?rest_route=\/wp\/v2\/types\/post"}],"author":[{"embeddable":true,"href":"https:\/\/villeurbanne-insoumise-ensemble.fr\/index.php?rest_route=\/wp\/v2\/users\/1"}],"replies":[{"embeddable":true,"href":"https:\/\/villeurbanne-insoumise-ensemble.fr\/index.php?rest_route=%2Fwp%2Fv2%2Fcomments&post=151"}],"version-history":[{"count":5,"href":"https:\/\/villeurbanne-insoumise-ensemble.fr\/index.php?rest_route=\/wp\/v2\/posts\/151\/revisions"}],"predecessor-version":[{"id":158,"href":"https:\/\/villeurbanne-insoumise-ensemble.fr\/index.php?rest_route=\/wp\/v2\/posts\/151\/revisions\/158"}],"wp:featuredmedia":[{"embeddable":true,"href":"https:\/\/villeurbanne-insoumise-ensemble.fr\/index.php?rest_route=\/wp\/v2\/media\/152"}],"wp:attachment":[{"href":"https:\/\/villeurbanne-insoumise-ensemble.fr\/index.php?rest_route=%2Fwp%2Fv2%2Fmedia&parent=151"}],"wp:term":[{"taxonomy":"category","embeddable":true,"href":"https:\/\/villeurbanne-insoumise-ensemble.fr\/index.php?rest_route=%2Fwp%2Fv2%2Fcategories&post=151"},{"taxonomy":"post_tag","embeddable":true,"href":"https:\/\/villeurbanne-insoumise-ensemble.fr\/index.php?rest_route=%2Fwp%2Fv2%2Ftags&post=151"}],"curies":[{"name":"wp","href":"https:\/\/api.w.org\/{rel}","templated":true}]}}