{"id":1509,"date":"2023-10-11T11:58:54","date_gmt":"2023-10-11T09:58:54","guid":{"rendered":"http:\/\/villeurbanne-insoumise-ensemble.fr\/?p=1509"},"modified":"2024-01-16T14:19:26","modified_gmt":"2024-01-16T13:19:26","slug":"les-renovations-que-les-saint-jeannais-attendent-vont-enfin-debuter","status":"publish","type":"post","link":"https:\/\/villeurbanne-insoumise-ensemble.fr\/?p=1509","title":{"rendered":"Les r\u00e9novations que les Saint-jeannais attendent vont enfin d\u00e9buter"},"content":{"rendered":"\n<p><em>Par Marc GIOUSE<\/em><\/p>\n\n\n\n<figure class=\"wp-block-embed is-type-video is-provider-youtube wp-block-embed-youtube wp-embed-aspect-16-9 wp-has-aspect-ratio\"><div class=\"wp-block-embed__wrapper\">\n<iframe loading=\"lazy\" title=\"Marc GIOUSE - Les r\u00e9novations que les Saint-jeannais attendent vont enfin d\u00e9buter\" width=\"640\" height=\"360\" src=\"https:\/\/www.youtube.com\/embed\/o3NbA1uKVic?feature=oembed\" frameborder=\"0\" allow=\"accelerometer; autoplay; clipboard-write; encrypted-media; gyroscope; picture-in-picture; web-share\" allowfullscreen><\/iframe>\n<\/div><\/figure>\n\n\n\n<p>Rue de la prairie, rue de l\u2019\u00e9pi de bl\u00e9, rue des coquelicots : ces noms \u00e9voquent plus la campagne qu\u2019un quartier de Villeurbanne. C\u2019est que contrairement au reste de notre ville, Saint-Jean comptait jusqu\u2019\u00e0 la fin du 19e plus de bovins que d\u2019\u00eatres humains. Ce n\u2019est qu\u2019\u00e0 partir de l\u2019entre-deux guerres qu&#8217;on commence \u00e0 y construire des maisons . Quant \u00e0 l\u2019urbanisation, elle n\u2019est rendue possible que par la construction d\u2019une digue en 1951 dont a parl\u00e9 Agn\u00e8s Thouvenot. En 1966 l\u2019office HLM de Villeurbanne construit pr\u00e8s de 500 logements.<\/p>\n\n\n\n<p>70 ans apr\u00e8s quasiment, il est temps d\u2019augmenter nos efforts pour am\u00e9liorer le quotidien des Saint-jeannais. Cette d\u00e9lib\u00e9ration est l\u2019occasion de leur dire que les r\u00e9novations qu\u2019ils et elles attendent vont enfin pouvoir d\u00e9buter. Nous, \u00e9lu\u00b7es d\u2019une majorit\u00e9 de gauche et \u00e9cologiste, nous sommes en effet persuad\u00e9\u00b7es que la puissance publique doit tout mettre en \u0153uvre pour r\u00e9duire les in\u00e9galit\u00e9s sociales et territoriales. Et si des services publics existent d\u00e9j\u00e0 \u00e0 Saint-Jean, nous sommes bien conscients qu\u2019ils doivent \u00eatre am\u00e9lior\u00e9s et renforc\u00e9s.&nbsp;<\/p>\n\n\n\n<p>C\u2019est en effet la moiti\u00e9 de la population du quartier qui est concern\u00e9e par la grande pauvret\u00e9 et un taux de ch\u00f4mage \u00e9lev\u00e9. C&#8217;est le seul quartier situ\u00e9 \u00e0 l&#8217;est du p\u00e9riph\u00e9rique et du canal de Jonage et cela pose quelques difficult\u00e9s sur le plan des infrastructures de transports pour faire un quartier pleinement villeurbannais. C&#8217;est aussi un quartier tr\u00e8s min\u00e9ral qui manque d\u2019espaces publics agr\u00e9ables.<\/p>\n\n\n\n<p>Aux c\u00f4t\u00e9s de l\u2019ANRU, de la M\u00e9tropole et d\u2019Est M\u00e9tropole Habitat, les presque 90 millions d\u2019euros que nous allons investir vont permettre d\u2019am\u00e9liorer les conditions d\u2019habitat des Saint-jeannais. Nous transformerons des passoires thermiques en logements confortables. Pr\u00e8s de 400 logements sociaux seront r\u00e9habilit\u00e9s, et 1900 logements neufs seront construits. La convention pr\u00e9voit l\u2019augmentation des services et commerces locaux, gr\u00e2ce \u00e0 la construction d\u2019une salle polyvalente multisport, de locaux d\u2019activit\u00e9, d&#8217;un nouveau groupe scolaire et d\u2019un nouveau centre commercial. Et puis, le quartier sera d\u00e9senclav\u00e9 par la cr\u00e9ation de la ligne T9 et la construction d\u2019une nouvelle passerelle \u00e0 Croix-Luizet. Enfin nous cr\u00e9erons des espaces de promenade le long des berges ainsi qu\u2019un site de production mara\u00eech\u00e8re.<\/p>\n\n\n\n<p>Nous voulons saluer ici la d\u00e9marche d&#8217;implication des habitants m\u00eame si, madame Thouvenot l&#8217;a dit, ce n&#8217;est pas toujours tr\u00e8s simple, leur implication pour construire ce projet de r\u00e9novation urbaine. Nous sommes convaincus que leur participation peut leur permettre de reprendre confiance dans les institutions et dans les \u00e9lus.<\/p>\n\n\n\n<p>Ce type de rapprochement est d&#8217;autant plus n\u00e9cessaire , apr\u00e8s les \u00e9v\u00e9nements qui ont marqu\u00e9 le d\u00e9but de l&#8217;\u00e9t\u00e9 \u00e0 Villeurbanne comme dans de nombreuses villes de France. Je veux \u00e9videment parler des r\u00e9voltes urbaines de fin juin. Elles ont \u00e9t\u00e9 d\u00e9clench\u00e9es, il faut le rappeler, suite \u00e0 la mort d&#8217;un jeune de 17 ans, abattu par un policier dans des circonstances qui ont \u00e9t\u00e9 d&#8217;abord dissimul\u00e9es par l&#8217;institution polici\u00e8re elle-m\u00eame, avant d&#8217;\u00eatre document\u00e9es par des vid\u00e9os amateurs. Ces r\u00e9voltes ont d\u00e9bouch\u00e9 sur des destructions que nous condamnons mais qui ne doivent faire oublier ni la dimension politique des soul\u00e8vements, ni la n\u00e9cessit\u00e9 de r\u00e9ponses rapides et concr\u00e8tes aux discriminations sociales, territoriales et raciales qu&#8217;ils ont remis en lumi\u00e8re.<\/p>\n\n\n\n<p>Nous savons que nos efforts en mati\u00e8re d\u2019urbanisme seront insuffisants tant que la police nationale sera utilis\u00e9e contre les jeunes des quartiers populaires et qu&#8217;elle ne sera contr\u00f4l\u00e9e que par l&#8217;IGN donc par elle-m\u00eame.<\/p>\n\n\n\n<p>Car si les causes du malaise sont diverses, ce sont les relations toujours police-jeunesse qui ont d\u00e9clench\u00e9 les r\u00e9voltes depuis presque 40 ans.<\/p>\n\n\n\n<p>Les tensions entre la police et une partie de la jeunesse se conjuguent \u00e0 la d\u00e9gradation progressive des services publics dans nos quartiers et parfois \u00e0 leur fermeture. Un seul indicateur suffit : le budget de la politique de la Ville repr\u00e9sente moins de 1 % du budget de l\u2019\u00c9tat, sans compter les milliards que ce m\u00eame \u00c9tat ne met pas pour l\u2019emploi, pour l\u2019\u00e9ducation, pour la s\u00e9curit\u00e9 et la sant\u00e9 dans ces quartiers.<\/p>\n\n\n\n<p>Je reviens \u00e0 Saint-Jean.<\/p>\n\n\n\n<p>Parce que nous croyons \u00e0 l\u2019action publique, la signature de cette convention est un grand pas vers des conditions de vie plus dignes pour les habitants, m\u00eame si les actions pr\u00e9vues mettront du temps \u00e0 voir le jour. Il faudra en effet attendre 2029 avant la fin des r\u00e9habilitations.&nbsp;<\/p>\n\n\n\n<p>Nous agissons aussi sans attendre pour enrichir les relations positives entre les habitants et leur \u00e9cole maternelle et \u00e9l\u00e9mentaire Saint Exup\u00e9ry. Et dans le cadre de capitale fran\u00e7aise de la culture, la ville a mis en place un Minimix dans l&#8217;\u00e9cole Saint-Exup\u00e9ry, qui offre un service d&#8217;\u00e9ducation artistique et culturel pour les \u00e9l\u00e8ves.<\/p>\n\n\n\n<p>Nous d\u00e9localisons une partie de nos services publics avec la maison des services publics rue saint Jean. Elle offre aux habitants et aux habitantes la possibilit\u00e9 de s&#8217;informer et d&#8217;\u00eatre guid\u00e9s dans leur d\u00e9marches du quotidien, avec des permanences p\u00f4le emploi, des infos juridiques, le CCAS ou encore un accompagnement psychologique.<\/p>\n\n\n\n<p>Enfin nous soutenons \u00e9galement les apprentissages des jeunes en participant au financement d&#8217;associations de soutien scolaire ou d&#8217;aide \u00e0 la parentalit\u00e9. D&#8217;ailleurs, nous allons voter au cours de ce conseil municipal des subventions \u00e0 certaines de ces associations.&nbsp;<\/p>\n\n\n\n<p>C&#8217;est donc avec une grande satisfaction que nos groupes Villeurbanne Insoumise Ensemble&nbsp;! Et Communistes et R\u00e9publicains voterons cette d\u00e9lib\u00e9ration.<\/p>\n","protected":false},"excerpt":{"rendered":"<p>Par Marc GIOUSE Rue de la prairie, rue de l\u2019\u00e9pi de bl\u00e9, rue des coquelicots : ces noms \u00e9voquent plus la campagne qu\u2019un quartier de Villeurbanne. C\u2019est que contrairement au reste de notre ville, Saint-Jean comptait jusqu\u2019\u00e0 la fin du 19e plus de bovins que d\u2019\u00eatres humains. Ce n\u2019est qu\u2019\u00e0 partir de l\u2019entre-deux guerres qu&#8217;on&#8230;<\/p>\n","protected":false},"author":1,"featured_media":0,"comment_status":"open","ping_status":"open","sticky":false,"template":"","format":"standard","meta":[],"categories":[190,7],"tags":[57,125,183],"_links":{"self":[{"href":"https:\/\/villeurbanne-insoumise-ensemble.fr\/index.php?rest_route=\/wp\/v2\/posts\/1509"}],"collection":[{"href":"https:\/\/villeurbanne-insoumise-ensemble.fr\/index.php?rest_route=\/wp\/v2\/posts"}],"about":[{"href":"https:\/\/villeurbanne-insoumise-ensemble.fr\/index.php?rest_route=\/wp\/v2\/types\/post"}],"author":[{"embeddable":true,"href":"https:\/\/villeurbanne-insoumise-ensemble.fr\/index.php?rest_route=\/wp\/v2\/users\/1"}],"replies":[{"embeddable":true,"href":"https:\/\/villeurbanne-insoumise-ensemble.fr\/index.php?rest_route=%2Fwp%2Fv2%2Fcomments&post=1509"}],"version-history":[{"count":1,"href":"https:\/\/villeurbanne-insoumise-ensemble.fr\/index.php?rest_route=\/wp\/v2\/posts\/1509\/revisions"}],"predecessor-version":[{"id":1510,"href":"https:\/\/villeurbanne-insoumise-ensemble.fr\/index.php?rest_route=\/wp\/v2\/posts\/1509\/revisions\/1510"}],"wp:attachment":[{"href":"https:\/\/villeurbanne-insoumise-ensemble.fr\/index.php?rest_route=%2Fwp%2Fv2%2Fmedia&parent=1509"}],"wp:term":[{"taxonomy":"category","embeddable":true,"href":"https:\/\/villeurbanne-insoumise-ensemble.fr\/index.php?rest_route=%2Fwp%2Fv2%2Fcategories&post=1509"},{"taxonomy":"post_tag","embeddable":true,"href":"https:\/\/villeurbanne-insoumise-ensemble.fr\/index.php?rest_route=%2Fwp%2Fv2%2Ftags&post=1509"}],"curies":[{"name":"wp","href":"https:\/\/api.w.org\/{rel}","templated":true}]}}