{"id":1492,"date":"2023-09-11T09:34:50","date_gmt":"2023-09-11T07:34:50","guid":{"rendered":"https:\/\/villeurbanne-insoumise-ensemble.fr\/?p=1492"},"modified":"2023-11-23T11:59:20","modified_gmt":"2023-11-23T10:59:20","slug":"des-accueils-physiques-pour-nos-services-publics-cest-possible","status":"publish","type":"post","link":"https:\/\/villeurbanne-insoumise-ensemble.fr\/?p=1492","title":{"rendered":"Des accueils physiques pour nos services publics, c&#8217;est possible !"},"content":{"rendered":"\n<p>Dans le cadre des actions en lien avec la future <strong>d\u00e9lib\u00e9ration sur le droit au &#8220;non-num\u00e9rique&#8221;<\/strong> que <a href=\"https:\/\/villeurbanne-insoumise-ensemble.fr\/?page_id=567\" target=\"_blank\" rel=\"noreferrer noopener\">Ga\u00ebtan Constant<\/a> porte \u00e0 Villeurbanne, voici des informations concernant une action la semaine qui arrive.<\/p>\n\n\n\n<p>\ud83d\udcbb Des milliers de fran\u00e7ais renoncent chaque ann\u00e9e \u00e0 acc\u00e9der \u00e0 leurs droits \u00e0 cause du tout-num\u00e9rique impos\u00e9 par tous les gouvernements successifs.<br>\ud83e\udd1d Pour que chacun et chacune puisse b\u00e9n\u00e9ficier des services publics, il faut <strong>pr\u00e9server les acc\u00e8s physiques et les guichets d&#8217;accueil<\/strong>. Nous le faisons d\u00e9j\u00e0 \u00e0 Villeurbanne et dans moins d&#8217;un mois, nous voterons symboliquement le droit au non-num\u00e9rique pour acc\u00e9der aux services publics municipaux.<br>\ud83c\udfe2 C&#8217;est d\u00e9sormais \u00e0 l&#8217;<strong>Etat de remettre un accueil physique<\/strong> dans tous ses services publics (Caf, S\u00e9cu, P\u00f4le Emploi\u2026).<\/p>\n\n\n\n<p>\ud83d\uddd3\ufe0f <strong>Vendredi 15 septembre \u00e0 10h, au centre commercial de Saint-Jean<\/strong>, venez rencontrer <a href=\"https:\/\/www.facebook.com\/DeputeeObono\" target=\"_blank\" rel=\"noreferrer noopener\">Dani\u00e8le Obono<\/a> (d\u00e9put\u00e9e), <a href=\"https:\/\/www.facebook.com\/GabrielAmard\" target=\"_blank\" rel=\"noreferrer noopener\">Gabriel Amard<\/a> (d\u00e9put\u00e9), <a href=\"https:\/\/villeurbanne-insoumise-ensemble.fr\/?page_id=419\" target=\"_blank\" rel=\"noreferrer noopener\">Aurore Gorriquer <\/a>(adjointe \u00e0 Villeurbanne) et Ga\u00ebtan Constant (adjoint \u00e0 Villeurbanne) pour parler droit au non-num\u00e9rique et services publics !<\/p>\n\n\n\n<p><br><img loading=\"lazy\" width=\"16\" height=\"16\" alt=\"\ud83d\udc49\" src=\"https:\/\/static.xx.fbcdn.net\/images\/emoji.php\/v9\/t51\/1\/16\/1f449.png\"> Pour acc\u00e9der \u00e0 l&#8217;\u00e9v\u00e9nement <a href=\"https:\/\/actionpopulaire.fr\/evenements\/ab035724-ea48-4907-9775-d80eab14aacf\/\" target=\"_blank\" rel=\"noreferrer noopener\">Action Populaire<\/a> <br>\ud83d\udd8b\ufe0f Pour lire et signer <a href=\"https:\/\/www.change.org\/p\/m-le-pr%C3%A9sident-rouvrez-les-accueils-physiques-des-services-publics-stopdematerialisationausteritaire-aguichetsouverts?recruiter=860977380&amp;recruited_by_id=cf049830-1ffa-11e8-9799-4b4a38c0fc19&amp;utm_source=share_petition&amp;utm_campaign=share_petition&amp;utm_medium=copylink&amp;utm_content=cl_sharecopy_35859347_fr-FR%3A5\" target=\"_blank\" rel=\"noreferrer noopener\">la p\u00e9tition<\/a><\/p>\n\n\n\n<p><\/p>\n\n\n\n<div class=\"wp-block-image\"><figure class=\"aligncenter size-large\"><img loading=\"lazy\" width=\"724\" height=\"1024\" src=\"https:\/\/villeurbanne-insoumise-ensemble.fr\/wp-content\/uploads\/2023\/09\/376639615_722791459890859_1243126783411280856_n-724x1024.jpg\" alt=\"\" class=\"wp-image-1493\" srcset=\"https:\/\/villeurbanne-insoumise-ensemble.fr\/wp-content\/uploads\/2023\/09\/376639615_722791459890859_1243126783411280856_n-724x1024.jpg 724w, https:\/\/villeurbanne-insoumise-ensemble.fr\/wp-content\/uploads\/2023\/09\/376639615_722791459890859_1243126783411280856_n-212x300.jpg 212w, https:\/\/villeurbanne-insoumise-ensemble.fr\/wp-content\/uploads\/2023\/09\/376639615_722791459890859_1243126783411280856_n-768x1086.jpg 768w, https:\/\/villeurbanne-insoumise-ensemble.fr\/wp-content\/uploads\/2023\/09\/376639615_722791459890859_1243126783411280856_n-1086x1536.jpg 1086w, https:\/\/villeurbanne-insoumise-ensemble.fr\/wp-content\/uploads\/2023\/09\/376639615_722791459890859_1243126783411280856_n-300x424.jpg 300w, https:\/\/villeurbanne-insoumise-ensemble.fr\/wp-content\/uploads\/2023\/09\/376639615_722791459890859_1243126783411280856_n-850x1202.jpg 850w, https:\/\/villeurbanne-insoumise-ensemble.fr\/wp-content\/uploads\/2023\/09\/376639615_722791459890859_1243126783411280856_n.jpg 1414w\" sizes=\"(max-width: 724px) 100vw, 724px\" \/><\/figure><\/div>\n","protected":false},"excerpt":{"rendered":"<p>Dans le cadre des actions en lien avec la future d\u00e9lib\u00e9ration sur le droit au &#8220;non-num\u00e9rique&#8221; que Ga\u00ebtan Constant porte \u00e0 Villeurbanne, voici des informations concernant une action la semaine qui arrive. \ud83d\udcbb Des milliers de fran\u00e7ais renoncent chaque ann\u00e9e \u00e0 acc\u00e9der \u00e0 leurs droits \u00e0 cause du tout-num\u00e9rique impos\u00e9 par tous les gouvernements successifs.\ud83e\udd1d&#8230;<\/p>\n","protected":false},"author":1,"featured_media":0,"comment_status":"open","ping_status":"open","sticky":false,"template":"","format":"standard","meta":[],"categories":[5],"tags":[86,43],"_links":{"self":[{"href":"https:\/\/villeurbanne-insoumise-ensemble.fr\/index.php?rest_route=\/wp\/v2\/posts\/1492"}],"collection":[{"href":"https:\/\/villeurbanne-insoumise-ensemble.fr\/index.php?rest_route=\/wp\/v2\/posts"}],"about":[{"href":"https:\/\/villeurbanne-insoumise-ensemble.fr\/index.php?rest_route=\/wp\/v2\/types\/post"}],"author":[{"embeddable":true,"href":"https:\/\/villeurbanne-insoumise-ensemble.fr\/index.php?rest_route=\/wp\/v2\/users\/1"}],"replies":[{"embeddable":true,"href":"https:\/\/villeurbanne-insoumise-ensemble.fr\/index.php?rest_route=%2Fwp%2Fv2%2Fcomments&post=1492"}],"version-history":[{"count":1,"href":"https:\/\/villeurbanne-insoumise-ensemble.fr\/index.php?rest_route=\/wp\/v2\/posts\/1492\/revisions"}],"predecessor-version":[{"id":1494,"href":"https:\/\/villeurbanne-insoumise-ensemble.fr\/index.php?rest_route=\/wp\/v2\/posts\/1492\/revisions\/1494"}],"wp:attachment":[{"href":"https:\/\/villeurbanne-insoumise-ensemble.fr\/index.php?rest_route=%2Fwp%2Fv2%2Fmedia&parent=1492"}],"wp:term":[{"taxonomy":"category","embeddable":true,"href":"https:\/\/villeurbanne-insoumise-ensemble.fr\/index.php?rest_route=%2Fwp%2Fv2%2Fcategories&post=1492"},{"taxonomy":"post_tag","embeddable":true,"href":"https:\/\/villeurbanne-insoumise-ensemble.fr\/index.php?rest_route=%2Fwp%2Fv2%2Ftags&post=1492"}],"curies":[{"name":"wp","href":"https:\/\/api.w.org\/{rel}","templated":true}]}}