{"id":149,"date":"2021-03-29T15:42:14","date_gmt":"2021-03-29T13:42:14","guid":{"rendered":"http:\/\/villeurbanne-insoumise-ensemble.fr\/?p=149"},"modified":"2023-11-22T15:44:38","modified_gmt":"2023-11-22T14:44:38","slug":"soutien-aux-occupant%c2%b7e%c2%b7s-de-lile-egalite","status":"publish","type":"post","link":"https:\/\/villeurbanne-insoumise-ensemble.fr\/?p=149","title":{"rendered":"Soutien aux occupant\u00b7e\u00b7s de l&#8217;\u00cele \u00c9galit\u00e9 !"},"content":{"rendered":"\n<p>Mardi 17 mars, le tribunal d\u2019instance de Villeurbanne a d\u00e9cid\u00e9 l\u2019expulsion imm\u00e9diate de l\u2019\u00cele \u00c9galit\u00e9, g\u00e9r\u00e9e par le <a href=\"https:\/\/www.facebook.com\/collectifsolidaritescusset\/?__cft__[0]=AZUysiJ9yUbSzfM4TAefQbRd4zTJ9JTRblT-s-1N_wW7_mu1EAz4vc2a-2vr8nXWHPvwd0UUcg0bAD-zbguqRYhtN7briZDbBxXrMf7ULDonW_8Gw8wTHrNhmIiXJe9S29WeGzRzCAVR9E3pvNfdE7TKLV0sLQnB6QVge3nDU0lA2Q&amp;__tn__=kK-R\">Collectif Solidarit\u00e9s Cusset<\/a>. Ce squat existe depuis le mois de novembre 2020. Il a non seulement pour projet d\u2019accueillir des personnes sans-abri, mais aussi de proposer des distributions alimentaires et de produits d\u2019hygi\u00e8nes, des permanences d\u2019entre-aide administrative ou encore une laverie gratuite. <\/p>\n\n\n\n<p>Dans un contexte \u00e9conomique in\u00e9gal\u00e9 depuis la seconde Guerre Mondiale, dans un contexte social o\u00f9 l\u2019isolement et la pauvret\u00e9 r\u00e8gnent toujours plus, et dans un contexte o\u00f9 les vagues \u00e9pid\u00e9miques ne cessent de se succ\u00e9der, nous sommes tr\u00e8s \u00e9tonn\u00e9\u00b7e\u00b7s de cette d\u00e9cision, d\u2019autant plus qu\u2019elle survient en pleine tr\u00eave hivernale. Comment comprendre que des locaux et logements laiss\u00e9s vacants pour des motifs souvent sp\u00e9culatifs ne puissent pas \u00eatre habit\u00e9s par des personnes qui, autrement, dormiraient \u00e0 la rue ? <\/p>\n\n\n\n<p>Le droit de propri\u00e9t\u00e9 devrait se terminer l\u00e0 o\u00f9 commence celui de se loger. C\u2019est pourtant la direction inverse que prend le gouvernement. Alors que de plus en plus de personnes tombent dans la pr\u00e9carit\u00e9 et n\u2019ont plus de logement, sa priorit\u00e9 a \u00e9t\u00e9 de diminuer les APL et de faciliter l\u2019\u00e9vacuation des squats de r\u00e9sidences secondaires ! Nous sommes fermement oppos\u00e9\u00b7e\u00b7s \u00e0 la vision individualiste que ces mesures veulent nous faire adopter. Nous leur pr\u00e9f\u00e9rerons toujours l\u2019\u00e9galit\u00e9 et l\u2019entre-aide.<\/p>\n","protected":false},"excerpt":{"rendered":"<p>Mardi 17 mars, le tribunal d\u2019instance de Villeurbanne a d\u00e9cid\u00e9 l\u2019expulsion imm\u00e9diate de l\u2019\u00cele \u00c9galit\u00e9, g\u00e9r\u00e9e par le Collectif Solidarit\u00e9s Cusset. Ce squat existe depuis le mois de novembre 2020. Il a non seulement pour projet d\u2019accueillir des personnes sans-abri, mais aussi de proposer des distributions alimentaires et de produits d\u2019hygi\u00e8nes, des permanences d\u2019entre-aide administrative&#8230;<\/p>\n","protected":false},"author":1,"featured_media":0,"comment_status":"open","ping_status":"open","sticky":false,"template":"","format":"standard","meta":[],"categories":[5,20],"tags":[53,180],"_links":{"self":[{"href":"https:\/\/villeurbanne-insoumise-ensemble.fr\/index.php?rest_route=\/wp\/v2\/posts\/149"}],"collection":[{"href":"https:\/\/villeurbanne-insoumise-ensemble.fr\/index.php?rest_route=\/wp\/v2\/posts"}],"about":[{"href":"https:\/\/villeurbanne-insoumise-ensemble.fr\/index.php?rest_route=\/wp\/v2\/types\/post"}],"author":[{"embeddable":true,"href":"https:\/\/villeurbanne-insoumise-ensemble.fr\/index.php?rest_route=\/wp\/v2\/users\/1"}],"replies":[{"embeddable":true,"href":"https:\/\/villeurbanne-insoumise-ensemble.fr\/index.php?rest_route=%2Fwp%2Fv2%2Fcomments&post=149"}],"version-history":[{"count":1,"href":"https:\/\/villeurbanne-insoumise-ensemble.fr\/index.php?rest_route=\/wp\/v2\/posts\/149\/revisions"}],"predecessor-version":[{"id":150,"href":"https:\/\/villeurbanne-insoumise-ensemble.fr\/index.php?rest_route=\/wp\/v2\/posts\/149\/revisions\/150"}],"wp:attachment":[{"href":"https:\/\/villeurbanne-insoumise-ensemble.fr\/index.php?rest_route=%2Fwp%2Fv2%2Fmedia&parent=149"}],"wp:term":[{"taxonomy":"category","embeddable":true,"href":"https:\/\/villeurbanne-insoumise-ensemble.fr\/index.php?rest_route=%2Fwp%2Fv2%2Fcategories&post=149"},{"taxonomy":"post_tag","embeddable":true,"href":"https:\/\/villeurbanne-insoumise-ensemble.fr\/index.php?rest_route=%2Fwp%2Fv2%2Ftags&post=149"}],"curies":[{"name":"wp","href":"https:\/\/api.w.org\/{rel}","templated":true}]}}