{"id":1457,"date":"2023-07-04T14:33:06","date_gmt":"2023-07-04T12:33:06","guid":{"rendered":"https:\/\/villeurbanne-insoumise-ensemble.fr\/?p=1457"},"modified":"2024-01-16T14:19:36","modified_gmt":"2024-01-16T13:19:36","slug":"nous-sommes-les-soulevements-de-la-terre","status":"publish","type":"post","link":"https:\/\/villeurbanne-insoumise-ensemble.fr\/?p=1457","title":{"rendered":"Nous sommes les Soul\u00e8vements de la Terre"},"content":{"rendered":"\n<p><em>Par Marc GIOUSE<\/em><\/p>\n\n\n\n<figure class=\"wp-block-embed is-type-video is-provider-youtube wp-block-embed-youtube wp-embed-aspect-16-9 wp-has-aspect-ratio\"><div class=\"wp-block-embed__wrapper\">\n<iframe loading=\"lazy\" title=\"Marc GIOUSE - Nous sommes les Soul\u00e8vements de la Terre\" width=\"640\" height=\"360\" src=\"https:\/\/www.youtube.com\/embed\/dEfDt_TKyD4?feature=oembed\" frameborder=\"0\" allow=\"accelerometer; autoplay; clipboard-write; encrypted-media; gyroscope; picture-in-picture; web-share\" allowfullscreen><\/iframe>\n<\/div><\/figure>\n\n\n\n<p>Nous les \u00e9lu\u00b7es du groupe&nbsp;VIE !, on votera&nbsp;<strong>pour<\/strong> les subventions \u00e0 Alternatiba Rh\u00f4ne, au Cyclub et au Potakin. On votera pour, car on soutient avec constance les mouvements \u00e9cologistes qui s&#8217;activent pour pr\u00e9server le vivant et pour limiter le r\u00e9chauffement climatique.<\/p>\n\n\n\n<p>Malheureusement,&nbsp;ce n\u2019est pas le cas de notre gouvernement qui, depuis cinq ans, est syst\u00e9matiquement \u00e9pingl\u00e9 pour son incurie en mati\u00e8re de lutte contre le r\u00e9chauffement climatique par&nbsp;le Haut conseil pour le climat. Cinq rapports du HCC (un organisme voulu par Emmanuel Macron) et cinq bilans critiques qui pointent les insuffisances r\u00e9p\u00e9t\u00e9es de l&#8217;action gouvernementale. Mais \u00e9videmment, c&#8217;est plus facile de s&#8217;en prendre aux organisations \u00e9cologistes et, par exemple, de d\u00e9cr\u00e9ter&nbsp;<strong>la dissolution des Soul\u00e8vements de la Terre.&nbsp;<\/strong><\/p>\n\n\n\n<p>Mais, on ne dissout pas un soul\u00e8vement, cette myriade de petites et de grandes organisations, de citoyens et citoyennes des campagnes et des villes&nbsp; qui&nbsp;consid\u00e8rent que&nbsp;l\u2019eau, l\u2019air et les sols sont des biens communs qui permettent la vie. Ces&nbsp;activistes&nbsp;sont des<strong> \u00e9coresponsables<\/strong>, des&nbsp;<strong>\u00e9co-r\u00e9parateurs<\/strong>. aux antipodes de l&#8217;\u00e9coterrorisme !&nbsp;&nbsp;<\/p>\n\n\n\n<p>\u00c9coterroristes ? Eh bien nous retournons le mot \u00e0 celui qui l&#8217;a cr\u00e9\u00e9&nbsp;et \u00e0 tous les&nbsp;&nbsp;biocideurs qui nous gouvernent, comme les a justement nomm\u00e9s Alain Damasio.&nbsp;<\/p>\n\n\n\n<p>L\u2019histoire du mouvement \u00e9cologiste est d\u00e9pourvue de violence contre les personnes. En revanche,&nbsp;R\u00e9mi Fraisse est mort en 2014 en manifestant contre la construction du barrage de Sivens et Serge a \u00e9t\u00e9 bless\u00e9 gravement en s&#8217;opposant&nbsp;aux M\u00e9ga bassines&nbsp;de Sainte-Soline.<\/p>\n\n\n\n<p>Depuis leur soi-disant \/ dissolution, les Soul\u00e8vements de la Terre sont de plus en plus nombreux et les soutiens se multiplient, en France comme \u00e0 l\u2019\u00e9tranger, contre le d\u00e9cret gouvernemental et contre la criminalisation des luttes politiques. Les \u00e9lu\u00b7es du groupe VIE !, nous sommes aussi&nbsp;les Soul\u00e8vements de la Terre. Et nous appelons chacun, chacune, dans cette salle, \u00e0 rendre caduque&nbsp;la tentative d\u2019\u00e9touffement du gouvernement. On vous propose de manifester&nbsp;&nbsp;ensemble notre soutien en nous levant, et\/ou en levant les bras, pour dire que nous sommes,&nbsp;tous et toutes, les Soul\u00e8vements de la Terre.<\/p>\n","protected":false},"excerpt":{"rendered":"<p>Par Marc GIOUSE Nous les \u00e9lu\u00b7es du groupe&nbsp;VIE !, on votera&nbsp;pour les subventions \u00e0 Alternatiba Rh\u00f4ne, au Cyclub et au Potakin. On votera pour, car on soutient avec constance les mouvements \u00e9cologistes qui s&#8217;activent pour pr\u00e9server le vivant et pour limiter le r\u00e9chauffement climatique. Malheureusement,&nbsp;ce n\u2019est pas le cas de notre gouvernement qui, depuis cinq&#8230;<\/p>\n","protected":false},"author":1,"featured_media":0,"comment_status":"open","ping_status":"open","sticky":false,"template":"","format":"standard","meta":[],"categories":[190,7],"tags":[36,181],"_links":{"self":[{"href":"https:\/\/villeurbanne-insoumise-ensemble.fr\/index.php?rest_route=\/wp\/v2\/posts\/1457"}],"collection":[{"href":"https:\/\/villeurbanne-insoumise-ensemble.fr\/index.php?rest_route=\/wp\/v2\/posts"}],"about":[{"href":"https:\/\/villeurbanne-insoumise-ensemble.fr\/index.php?rest_route=\/wp\/v2\/types\/post"}],"author":[{"embeddable":true,"href":"https:\/\/villeurbanne-insoumise-ensemble.fr\/index.php?rest_route=\/wp\/v2\/users\/1"}],"replies":[{"embeddable":true,"href":"https:\/\/villeurbanne-insoumise-ensemble.fr\/index.php?rest_route=%2Fwp%2Fv2%2Fcomments&post=1457"}],"version-history":[{"count":2,"href":"https:\/\/villeurbanne-insoumise-ensemble.fr\/index.php?rest_route=\/wp\/v2\/posts\/1457\/revisions"}],"predecessor-version":[{"id":1468,"href":"https:\/\/villeurbanne-insoumise-ensemble.fr\/index.php?rest_route=\/wp\/v2\/posts\/1457\/revisions\/1468"}],"wp:attachment":[{"href":"https:\/\/villeurbanne-insoumise-ensemble.fr\/index.php?rest_route=%2Fwp%2Fv2%2Fmedia&parent=1457"}],"wp:term":[{"taxonomy":"category","embeddable":true,"href":"https:\/\/villeurbanne-insoumise-ensemble.fr\/index.php?rest_route=%2Fwp%2Fv2%2Fcategories&post=1457"},{"taxonomy":"post_tag","embeddable":true,"href":"https:\/\/villeurbanne-insoumise-ensemble.fr\/index.php?rest_route=%2Fwp%2Fv2%2Ftags&post=1457"}],"curies":[{"name":"wp","href":"https:\/\/api.w.org\/{rel}","templated":true}]}}