{"id":1452,"date":"2023-07-04T14:23:24","date_gmt":"2023-07-04T12:23:24","guid":{"rendered":"https:\/\/villeurbanne-insoumise-ensemble.fr\/?p=1452"},"modified":"2024-01-16T14:19:49","modified_gmt":"2024-01-16T13:19:49","slug":"la-politique-de-la-ville-resonne-avec-lactualite","status":"publish","type":"post","link":"https:\/\/villeurbanne-insoumise-ensemble.fr\/?p=1452","title":{"rendered":"La Politique de la ville r\u00e9sonne avec l&#8217;actualit\u00e9"},"content":{"rendered":"\n<p><em>Par Mathieu GARABEDIAN<\/em><\/p>\n\n\n\n<figure class=\"wp-block-embed is-type-video is-provider-youtube wp-block-embed-youtube wp-embed-aspect-16-9 wp-has-aspect-ratio\"><div class=\"wp-block-embed__wrapper\">\n<iframe loading=\"lazy\" title=\"Mathieu GARABEDIAN - La Politique de la ville r\u00e9sonne avec l&#039;actualit\u00e9\" width=\"640\" height=\"360\" src=\"https:\/\/www.youtube.com\/embed\/bjJt01PMwiY?feature=oembed\" frameborder=\"0\" allow=\"accelerometer; autoplay; clipboard-write; encrypted-media; gyroscope; picture-in-picture; web-share\" allowfullscreen><\/iframe>\n<\/div><\/figure>\n\n\n\n<p>Quelques mots parce qu\u2019\u00e9videmment, on est dans une p\u00e9riode o\u00f9 forc\u00e9ment, la Politique de la ville r\u00e9sonne avec l\u2019actualit\u00e9. \u00c9videmment, une pens\u00e9e pour la famille du jeune Nahel abattu dans cette voiture et une pens\u00e9e aussi pour tous ces parents qui se demandent si ce n\u2019est pas leur enfant, finalement, qui aurait pu se retrouver dans cette voiture.<\/p>\n\n\n\n<p>La Politique de la ville, \u00e7a fait longtemps qu\u2019elle existe. Cette ann\u00e9e est une ann\u00e9e assez charni\u00e8re parce qu\u2019on va rediscuter le contrat de ville et on va pouvoir rediscuter de tous ces sujets. Pour rappel, c\u2019est quand m\u00eame des quartiers o\u00f9, sur les questions de taux de ch\u00f4mage, on est \u00e0 deux fois la moyenne nationale, pour les jeunes c\u2019est quasiment un jeune sur deux qui n\u2019a pas d\u2019emploi, le taux de pauvret\u00e9 c\u2019est trois fois la moyenne nationale. Donc voil\u00e0, on sur des chiffres qui sont durs et on a aussi une politique de la ville qui a besoin de se r\u00e9inventer cette ann\u00e9e, je l\u2019esp\u00e8re. En tout cas c\u2019est l\u2019occasion qui est donn\u00e9e, et on sera vigilants avec mon coll\u00e8gue Lotfi Debbeche, pour porter cette parole et travailler ces contrats de ville pour les habitants de ces quartiers.<\/p>\n","protected":false},"excerpt":{"rendered":"<p>Par Mathieu GARABEDIAN Quelques mots parce qu\u2019\u00e9videmment, on est dans une p\u00e9riode o\u00f9 forc\u00e9ment, la Politique de la ville r\u00e9sonne avec l\u2019actualit\u00e9. \u00c9videmment, une pens\u00e9e pour la famille du jeune Nahel abattu dans cette voiture et une pens\u00e9e aussi pour tous ces parents qui se demandent si ce n\u2019est pas leur enfant, finalement, qui aurait&#8230;<\/p>\n","protected":false},"author":1,"featured_media":0,"comment_status":"open","ping_status":"open","sticky":false,"template":"","format":"standard","meta":[],"categories":[190,7],"tags":[57,108],"_links":{"self":[{"href":"https:\/\/villeurbanne-insoumise-ensemble.fr\/index.php?rest_route=\/wp\/v2\/posts\/1452"}],"collection":[{"href":"https:\/\/villeurbanne-insoumise-ensemble.fr\/index.php?rest_route=\/wp\/v2\/posts"}],"about":[{"href":"https:\/\/villeurbanne-insoumise-ensemble.fr\/index.php?rest_route=\/wp\/v2\/types\/post"}],"author":[{"embeddable":true,"href":"https:\/\/villeurbanne-insoumise-ensemble.fr\/index.php?rest_route=\/wp\/v2\/users\/1"}],"replies":[{"embeddable":true,"href":"https:\/\/villeurbanne-insoumise-ensemble.fr\/index.php?rest_route=%2Fwp%2Fv2%2Fcomments&post=1452"}],"version-history":[{"count":2,"href":"https:\/\/villeurbanne-insoumise-ensemble.fr\/index.php?rest_route=\/wp\/v2\/posts\/1452\/revisions"}],"predecessor-version":[{"id":1454,"href":"https:\/\/villeurbanne-insoumise-ensemble.fr\/index.php?rest_route=\/wp\/v2\/posts\/1452\/revisions\/1454"}],"wp:attachment":[{"href":"https:\/\/villeurbanne-insoumise-ensemble.fr\/index.php?rest_route=%2Fwp%2Fv2%2Fmedia&parent=1452"}],"wp:term":[{"taxonomy":"category","embeddable":true,"href":"https:\/\/villeurbanne-insoumise-ensemble.fr\/index.php?rest_route=%2Fwp%2Fv2%2Fcategories&post=1452"},{"taxonomy":"post_tag","embeddable":true,"href":"https:\/\/villeurbanne-insoumise-ensemble.fr\/index.php?rest_route=%2Fwp%2Fv2%2Ftags&post=1452"}],"curies":[{"name":"wp","href":"https:\/\/api.w.org\/{rel}","templated":true}]}}