{"id":1448,"date":"2023-07-04T14:19:12","date_gmt":"2023-07-04T12:19:12","guid":{"rendered":"https:\/\/villeurbanne-insoumise-ensemble.fr\/?p=1448"},"modified":"2024-01-16T14:19:54","modified_gmt":"2024-01-16T13:19:54","slug":"nous-avons-inaugure-larchipel-et-le-chateau","status":"publish","type":"post","link":"https:\/\/villeurbanne-insoumise-ensemble.fr\/?p=1448","title":{"rendered":"Nous avons inaugur\u00e9 l&#8217;Archipel et le Ch\u00e2teau !"},"content":{"rendered":"\n<p><em>Par Mathieu GARABEDIAN<\/em><\/p>\n\n\n\n<figure class=\"wp-block-embed is-type-video is-provider-youtube wp-block-embed-youtube wp-embed-aspect-16-9 wp-has-aspect-ratio\"><div class=\"wp-block-embed__wrapper\">\n<iframe loading=\"lazy\" title=\"Mathieu GARABEDIAN - Nous avons inaugur\u00e9 l&#039;Archipel et le Ch\u00e2teau !\" width=\"640\" height=\"360\" src=\"https:\/\/www.youtube.com\/embed\/qmrMkIV9Xmw?feature=oembed\" frameborder=\"0\" allow=\"accelerometer; autoplay; clipboard-write; encrypted-media; gyroscope; picture-in-picture; web-share\" allowfullscreen><\/iframe>\n<\/div><\/figure>\n\n\n\n<p>C\u2019est un rapport qui pr\u00e9sente les subventions aux associations qui nous accompagnent dans toutes les questions de lutte contre le sans-abrisme et le droit au logement. On poursuit ces politiques en soutenant ces associations. J\u2019en profite pour dire que nous avons eu un mois de juin o\u00f9 nous avons pu inaugurer deux projets men\u00e9s par la municipalit\u00e9 depuis le d\u00e9but du mandat que sont l\u2019Archipel et le Ch\u00e2teau. C\u2019est un mois festif pour ce d\u00e9but de mois pour pr\u00e9senter ces deux projets.<\/p>\n","protected":false},"excerpt":{"rendered":"<p>Par Mathieu GARABEDIAN C\u2019est un rapport qui pr\u00e9sente les subventions aux associations qui nous accompagnent dans toutes les questions de lutte contre le sans-abrisme et le droit au logement. On poursuit ces politiques en soutenant ces associations. J\u2019en profite pour dire que nous avons eu un mois de juin o\u00f9 nous avons pu inaugurer deux&#8230;<\/p>\n","protected":false},"author":1,"featured_media":0,"comment_status":"open","ping_status":"open","sticky":false,"template":"","format":"standard","meta":[],"categories":[190,7],"tags":[188,180],"_links":{"self":[{"href":"https:\/\/villeurbanne-insoumise-ensemble.fr\/index.php?rest_route=\/wp\/v2\/posts\/1448"}],"collection":[{"href":"https:\/\/villeurbanne-insoumise-ensemble.fr\/index.php?rest_route=\/wp\/v2\/posts"}],"about":[{"href":"https:\/\/villeurbanne-insoumise-ensemble.fr\/index.php?rest_route=\/wp\/v2\/types\/post"}],"author":[{"embeddable":true,"href":"https:\/\/villeurbanne-insoumise-ensemble.fr\/index.php?rest_route=\/wp\/v2\/users\/1"}],"replies":[{"embeddable":true,"href":"https:\/\/villeurbanne-insoumise-ensemble.fr\/index.php?rest_route=%2Fwp%2Fv2%2Fcomments&post=1448"}],"version-history":[{"count":1,"href":"https:\/\/villeurbanne-insoumise-ensemble.fr\/index.php?rest_route=\/wp\/v2\/posts\/1448\/revisions"}],"predecessor-version":[{"id":1449,"href":"https:\/\/villeurbanne-insoumise-ensemble.fr\/index.php?rest_route=\/wp\/v2\/posts\/1448\/revisions\/1449"}],"wp:attachment":[{"href":"https:\/\/villeurbanne-insoumise-ensemble.fr\/index.php?rest_route=%2Fwp%2Fv2%2Fmedia&parent=1448"}],"wp:term":[{"taxonomy":"category","embeddable":true,"href":"https:\/\/villeurbanne-insoumise-ensemble.fr\/index.php?rest_route=%2Fwp%2Fv2%2Fcategories&post=1448"},{"taxonomy":"post_tag","embeddable":true,"href":"https:\/\/villeurbanne-insoumise-ensemble.fr\/index.php?rest_route=%2Fwp%2Fv2%2Ftags&post=1448"}],"curies":[{"name":"wp","href":"https:\/\/api.w.org\/{rel}","templated":true}]}}