{"id":1446,"date":"2023-07-04T14:15:31","date_gmt":"2023-07-04T12:15:31","guid":{"rendered":"https:\/\/villeurbanne-insoumise-ensemble.fr\/?p=1446"},"modified":"2024-01-16T14:20:04","modified_gmt":"2024-01-16T13:20:04","slug":"nous-ameliorons-les-prestations-sociales","status":"publish","type":"post","link":"https:\/\/villeurbanne-insoumise-ensemble.fr\/?p=1446","title":{"rendered":"Nous am\u00e9liorons les prestations sociales"},"content":{"rendered":"\n<p><em>Par Olivier GL\u00dcCK<\/em><\/p>\n\n\n\n<figure class=\"wp-block-embed is-type-video is-provider-youtube wp-block-embed-youtube wp-embed-aspect-16-9 wp-has-aspect-ratio\"><div class=\"wp-block-embed__wrapper\">\n<iframe loading=\"lazy\" title=\"Olivier GL\u00dcCK - Nous am\u00e9liorons les prestations sociales\" width=\"640\" height=\"360\" src=\"https:\/\/www.youtube.com\/embed\/A7iZK8c_GxE?feature=oembed\" frameborder=\"0\" allow=\"accelerometer; autoplay; clipboard-write; encrypted-media; gyroscope; picture-in-picture; web-share\" allowfullscreen><\/iframe>\n<\/div><\/figure>\n\n\n\n<p>Simplement, une petite pr\u00e9sentation de ces deux d\u00e9lib\u00e9rations qui sont une \u00e9volution importante pour tous les personnels de la ville, du CCAS et de l\u2019ENM, soit pr\u00e8s de 2&nbsp;700 personnels. &nbsp;Peut-\u00eatre, rappeler ce qu\u2019est l\u2019action sociale&nbsp;? Ce sont des prestations sociales selon les revenus, la situation de famille. Des aides pour faire face \u00e0 des situations difficiles, aux \u00e9v\u00e9nements de la vie, \u00e0 des situations de handicap&nbsp;; des aides exceptionnelles telles les pr\u00eats sociaux&nbsp;; des aides relatives au logement, \u00e0 la restauration, \u00e0 l\u2019enfance, aux loisirs, \u00e0 la culture, et aux sports&nbsp;; des aides pour les vacances. Ce ne sont pas des \u00e9l\u00e9ments de r\u00e9mun\u00e9ration mais n\u00e9anmoins du pouvoir d\u2019achat pour les agents. Il est important de rappeler que plus de 70% de nos personnels sont des personnels de cat\u00e9gorie C avec des revenus moyens inf\u00e9rieurs \u00e0 2&nbsp;000\u20ac bruts chaque mois, et c\u2019est donc un levier important pour ces personnels.<\/p>\n\n\n\n<p>C\u2019est aussi, l\u2019action sociale, du lien entre les personnels&nbsp;: des \u00e9v\u00e9nements tels que l\u2019Arbre de No\u00ebl, la f\u00eate du personnel, \u00e9galement des activit\u00e9s culturelles et sportives. Il s\u2019agit donc d\u2019une d\u00e9lib\u00e9ration importante qui est aussi li\u00e9e \u00e0 la qualit\u00e9 de vie au travail des agents de la ville.<\/p>\n\n\n\n<p>Ces \u00e9volutions sont importantes sur plusieurs aspects. Dans la d\u00e9finition des b\u00e9n\u00e9ficiaires, nous \u00e9largissons les b\u00e9n\u00e9ficiaires, en particulier aux contrats aid\u00e9s et aux apprentis. Dans le contenu de l\u2019action sociale, les prestations sociales qui sont propos\u00e9es avec ces deux d\u00e9lib\u00e9rations sont diversifi\u00e9es, avec une offre augment\u00e9e par rapport \u00e0 ce qui se faisait pr\u00e9c\u00e9demment, en particulier des ch\u00e8ques vacances, des aides pour la rentr\u00e9e scolaire du coll\u00e8ge aux \u00e9tudes sup\u00e9rieures, du soutien scolaire, des aides pour la garde de jeunes enfants, le permis de conduire, l\u2019\u00e9veil culturel, les s\u00e9jours linguistiques, les titres CESU [Ch\u00e8que Emploi Service Universel], et dans le domaine de la solidarit\u00e9, une nouveaut\u00e9&nbsp;qui concerne la mise en place d\u2019une allocation de transition entre la vie active et le d\u00e9part \u00e0 la retraite.<\/p>\n\n\n\n<p>Ces \u00e9volutions reposent sur une gestion mixte qui est port\u00e9e \u00e0 la fois par les directions des ressources humaines de la ville, en r\u00e9gie directe donc, et puis un organisme national des \u0153uvres sociales, Plur\u00e9lya, avec une d\u00e9lib\u00e9ration sp\u00e9cifique. C\u2019est donc une association loi de 1901, \u00e0 but non lucratif, qui est reconnue d\u2019int\u00e9r\u00eat g\u00e9n\u00e9ral, paritaire et pluraliste.<\/p>\n\n\n\n<p>Des \u00e9volutions importantes \u00e9galement dans l\u2019acc\u00e8s \u00e0 l\u2019offre, puisque Plur\u00e9lya dispose d\u2019une plateforme num\u00e9rique qui est accessible 24 h\/24, 7j\/7. Et en compl\u00e9ment, la DRH va aussi mettre en place un accueil physique d\u00e9di\u00e9 \u00e0 l\u2019action sociale. C\u2019est aussi une nouveaut\u00e9.<\/p>\n\n\n\n<p>Enfin dans le budget allou\u00e9, on a une augmentation du budget d\u00e9di\u00e9 \u00e0 l\u2019action sociale qui est de l\u2019ordre de 40%. Et pour rappel, on avait \u00e9galement d\u00e9lib\u00e9r\u00e9 en d\u00e9cembre 2022 sur la compl\u00e9mentaire sant\u00e9 et la pr\u00e9voyance qui est aussi de l\u2019action sociale pour les personnels de la ville, avec un budget qui avait \u00e9galement \u00e9t\u00e9 augment\u00e9 de fa\u00e7on importante.<\/p>\n","protected":false},"excerpt":{"rendered":"<p>Par Olivier GL\u00dcCK Simplement, une petite pr\u00e9sentation de ces deux d\u00e9lib\u00e9rations qui sont une \u00e9volution importante pour tous les personnels de la ville, du CCAS et de l\u2019ENM, soit pr\u00e8s de 2&nbsp;700 personnels. &nbsp;Peut-\u00eatre, rappeler ce qu\u2019est l\u2019action sociale&nbsp;? Ce sont des prestations sociales selon les revenus, la situation de famille. Des aides pour faire&#8230;<\/p>\n","protected":false},"author":1,"featured_media":0,"comment_status":"open","ping_status":"open","sticky":false,"template":"","format":"standard","meta":[],"categories":[190,7],"tags":[43,182],"_links":{"self":[{"href":"https:\/\/villeurbanne-insoumise-ensemble.fr\/index.php?rest_route=\/wp\/v2\/posts\/1446"}],"collection":[{"href":"https:\/\/villeurbanne-insoumise-ensemble.fr\/index.php?rest_route=\/wp\/v2\/posts"}],"about":[{"href":"https:\/\/villeurbanne-insoumise-ensemble.fr\/index.php?rest_route=\/wp\/v2\/types\/post"}],"author":[{"embeddable":true,"href":"https:\/\/villeurbanne-insoumise-ensemble.fr\/index.php?rest_route=\/wp\/v2\/users\/1"}],"replies":[{"embeddable":true,"href":"https:\/\/villeurbanne-insoumise-ensemble.fr\/index.php?rest_route=%2Fwp%2Fv2%2Fcomments&post=1446"}],"version-history":[{"count":2,"href":"https:\/\/villeurbanne-insoumise-ensemble.fr\/index.php?rest_route=\/wp\/v2\/posts\/1446\/revisions"}],"predecessor-version":[{"id":1450,"href":"https:\/\/villeurbanne-insoumise-ensemble.fr\/index.php?rest_route=\/wp\/v2\/posts\/1446\/revisions\/1450"}],"wp:attachment":[{"href":"https:\/\/villeurbanne-insoumise-ensemble.fr\/index.php?rest_route=%2Fwp%2Fv2%2Fmedia&parent=1446"}],"wp:term":[{"taxonomy":"category","embeddable":true,"href":"https:\/\/villeurbanne-insoumise-ensemble.fr\/index.php?rest_route=%2Fwp%2Fv2%2Fcategories&post=1446"},{"taxonomy":"post_tag","embeddable":true,"href":"https:\/\/villeurbanne-insoumise-ensemble.fr\/index.php?rest_route=%2Fwp%2Fv2%2Ftags&post=1446"}],"curies":[{"name":"wp","href":"https:\/\/api.w.org\/{rel}","templated":true}]}}