{"id":1444,"date":"2023-07-04T14:12:29","date_gmt":"2023-07-04T12:12:29","guid":{"rendered":"https:\/\/villeurbanne-insoumise-ensemble.fr\/?p=1444"},"modified":"2024-01-16T14:20:09","modified_gmt":"2024-01-16T13:20:09","slug":"ce-nest-pas-un-mariage-mais-presque","status":"publish","type":"post","link":"https:\/\/villeurbanne-insoumise-ensemble.fr\/?p=1444","title":{"rendered":"Ce n&#8217;est pas un mariage, mais presque !"},"content":{"rendered":"\n<p><em>Par Mathieu GARABEDIAN<\/em><\/p>\n\n\n\n<figure class=\"wp-block-embed is-type-video is-provider-youtube wp-block-embed-youtube wp-embed-aspect-16-9 wp-has-aspect-ratio\"><div class=\"wp-block-embed__wrapper\">\n<iframe loading=\"lazy\" title=\"Mathieu GARABEDIAN - Ce n&#039;est pas un mariage, mais presque !\" width=\"640\" height=\"360\" src=\"https:\/\/www.youtube.com\/embed\/V0oLkm51jjY?feature=oembed\" frameborder=\"0\" allow=\"accelerometer; autoplay; clipboard-write; encrypted-media; gyroscope; picture-in-picture; web-share\" allowfullscreen><\/iframe>\n<\/div><\/figure>\n\n\n\n<p>Ce n\u2019est pas un mariage, mais presque. Et pourtant nous sommes bien dans la bonne salle !<\/p>\n\n\n\n<p>Aux c\u00f4t\u00e9s des villes d\u2019Altenbourg, Moguilev, Bat Yam, Abanilla, Abovian et El Eulma, c\u2019est d\u00e9sormais avec celle du Teil, en Ard\u00e8che, que nous souhaitons entretenir des relations plus que privil\u00e9gi\u00e9es par le contrat de r\u00e9ciprocit\u00e9 que nos groupes de la majorit\u00e9 vont voter.<\/p>\n\n\n\n<p>Le premier jalon de notre coop\u00e9ration, ce sont d\u2019abord les liens d\u2019amiti\u00e9 qui relient nos deux communes. Malgr\u00e9 nos diff\u00e9rences, en nombre d\u2019habitants, en architecture ou en paysages, nous partageons d\u00e9j\u00e0 beaucoup de choses. Nos politiques publiques pour l\u2019acc\u00e8s \u00e0 la culture, aux sports, aux loisirs ; pour un v\u00e9ritable droit \u00e0 l\u2019alimentation ; pour permettre \u00e0 toutes et tous un emploi stable, bien r\u00e9mun\u00e9r\u00e9, de qualit\u00e9 ; pour lutter efficacement contre la pauvret\u00e9 ; organiser la bifurcation \u00e9cologique ; revitaliser les commerces de proximit\u00e9 ; ou encore d\u00e9velopper les solidarit\u00e9s locales.<\/p>\n\n\n\n<p>Ce contrat de r\u00e9ciprocit\u00e9, c\u2019est aussi l\u2019occasion de rappeler l\u2019importance de la collectivit\u00e9 la plus proche des habitants, la commune, celle dont l\u2019action est la plus directement visible sur leur vie, au service de la soci\u00e9t\u00e9 civile et de ses exp\u00e9rimentations. En tant que communes, nous sommes bien \u00e9videmment en attente de politiques nationales port\u00e9es par l\u2019Etat, mais cela ne nous emp\u00eache en rien de proposer des r\u00e9ponses pour r\u00e9pondre au mieux aux grandes transformations que nous vivons. C\u2019est d\u2019ailleurs pour cette raison que nous avons plac\u00e9 au c\u0153ur de nos politiques la transition \u00e9cologique, le r\u00e9veil d\u00e9mocratique et la justice sociale. Et en mettant au c\u0153ur de ce contrat, la soci\u00e9t\u00e9 civile, nous entendons bien lui laisser \u00e9galement toute la place pour cr\u00e9er, inventer, s\u2019exprimer, essayer, \u00e9chouer, recommencer et partager.<\/p>\n\n\n\n<p>Enfin, ce contrat est aussi l\u2019occasion de reparler du lien et de l\u2019\u00e9quilibre qui doit exister entre les territoires m\u00e9tropolis\u00e9s et les territoires plus ruraux. Les politiques d\u2019am\u00e9nagement territorial en France ont favoris\u00e9 l\u2019essor des plus grandes villes et agglom\u00e9rations, souvent aux d\u00e9pends des communes et d\u00e9partement les entourant. Les logiques de mise en concurrence territorial ont fini par cr\u00e9er des fractures entre citoyens. ET malheureusement, ces in\u00e9galit\u00e9s territoriales se retrouvent \u00e9galement dans nos grands centres urbains, o\u00f9 elles se creusent entre celles et ceux qui peuvent vivre dans les villes-centre et celles et ceux qui ne le peuvent pas. En accueillant, par exemple, de jeunes ard\u00e9chois qui souhaitent faire leurs \u00e9tudes dans notre m\u00e9tropole, ou en permettant \u00e0 des familles villeurbannaises de partir en vacances au Teil, nos deux villes ont l\u2019occasion de prouver qu\u2019un renforcement de nos liens peut contribuer au d\u00e9veloppement de chaque territoire et \u00e0 recr\u00e9er de la confiance et du commun.<\/p>\n","protected":false},"excerpt":{"rendered":"<p>Par Mathieu GARABEDIAN Ce n\u2019est pas un mariage, mais presque. Et pourtant nous sommes bien dans la bonne salle ! Aux c\u00f4t\u00e9s des villes d\u2019Altenbourg, Moguilev, Bat Yam, Abanilla, Abovian et El Eulma, c\u2019est d\u00e9sormais avec celle du Teil, en Ard\u00e8che, que nous souhaitons entretenir des relations plus que privil\u00e9gi\u00e9es par le contrat de r\u00e9ciprocit\u00e9&#8230;<\/p>\n","protected":false},"author":1,"featured_media":0,"comment_status":"open","ping_status":"open","sticky":false,"template":"","format":"standard","meta":[],"categories":[190,7],"tags":[43,180],"_links":{"self":[{"href":"https:\/\/villeurbanne-insoumise-ensemble.fr\/index.php?rest_route=\/wp\/v2\/posts\/1444"}],"collection":[{"href":"https:\/\/villeurbanne-insoumise-ensemble.fr\/index.php?rest_route=\/wp\/v2\/posts"}],"about":[{"href":"https:\/\/villeurbanne-insoumise-ensemble.fr\/index.php?rest_route=\/wp\/v2\/types\/post"}],"author":[{"embeddable":true,"href":"https:\/\/villeurbanne-insoumise-ensemble.fr\/index.php?rest_route=\/wp\/v2\/users\/1"}],"replies":[{"embeddable":true,"href":"https:\/\/villeurbanne-insoumise-ensemble.fr\/index.php?rest_route=%2Fwp%2Fv2%2Fcomments&post=1444"}],"version-history":[{"count":2,"href":"https:\/\/villeurbanne-insoumise-ensemble.fr\/index.php?rest_route=\/wp\/v2\/posts\/1444\/revisions"}],"predecessor-version":[{"id":1451,"href":"https:\/\/villeurbanne-insoumise-ensemble.fr\/index.php?rest_route=\/wp\/v2\/posts\/1444\/revisions\/1451"}],"wp:attachment":[{"href":"https:\/\/villeurbanne-insoumise-ensemble.fr\/index.php?rest_route=%2Fwp%2Fv2%2Fmedia&parent=1444"}],"wp:term":[{"taxonomy":"category","embeddable":true,"href":"https:\/\/villeurbanne-insoumise-ensemble.fr\/index.php?rest_route=%2Fwp%2Fv2%2Fcategories&post=1444"},{"taxonomy":"post_tag","embeddable":true,"href":"https:\/\/villeurbanne-insoumise-ensemble.fr\/index.php?rest_route=%2Fwp%2Fv2%2Ftags&post=1444"}],"curies":[{"name":"wp","href":"https:\/\/api.w.org\/{rel}","templated":true}]}}