{"id":1435,"date":"2023-06-22T10:31:49","date_gmt":"2023-06-22T08:31:49","guid":{"rendered":"https:\/\/villeurbanne-insoumise-ensemble.fr\/?p=1435"},"modified":"2023-11-23T11:56:41","modified_gmt":"2023-11-23T10:56:41","slug":"avoir-une-service-public-de-qualite-non-numerique-oui-cest-possible","status":"publish","type":"post","link":"https:\/\/villeurbanne-insoumise-ensemble.fr\/?p=1435","title":{"rendered":"Avoir un service public de qualit\u00e9 non num\u00e9rique : oui, c&#8217;est possible !"},"content":{"rendered":"\n<p>Ce matin, <a href=\"https:\/\/villeurbanne-insoumise-ensemble.fr\/?page_id=567\" target=\"_blank\" rel=\"noreferrer noopener\">Ga\u00ebtan Constant<\/a> pr\u00e9sentait aux agentes et agents de la direction de la population le contenu de la future d\u00e9lib\u00e9ration instituant le droit au non num\u00e9rique \u00e0 la <a href=\"https:\/\/www.facebook.com\/Villeurbanne?__cft__[0]=AZWhWc85tcJgtgERimRt9GF39Ku6CeS8r17YbkNy8Tddw59djX-EwhTMBuG7LXQtLUmqkCJYAqTCZXbK7v35EjWRSNddCXVyHCYdIG8zA8btybFFBpothHf-gZ8BoDQS2Rw&amp;__tn__=-]K-R\">Ville de Villeurbanne<\/a> !<\/p>\n\n\n\n<figure class=\"wp-block-image size-large\"><img loading=\"lazy\" width=\"1024\" height=\"768\" src=\"https:\/\/villeurbanne-insoumise-ensemble.fr\/wp-content\/uploads\/2023\/06\/DNN-Gaetan2-1024x768.jpg\" alt=\"\" class=\"wp-image-1436\" srcset=\"https:\/\/villeurbanne-insoumise-ensemble.fr\/wp-content\/uploads\/2023\/06\/DNN-Gaetan2-1024x768.jpg 1024w, https:\/\/villeurbanne-insoumise-ensemble.fr\/wp-content\/uploads\/2023\/06\/DNN-Gaetan2-300x225.jpg 300w, https:\/\/villeurbanne-insoumise-ensemble.fr\/wp-content\/uploads\/2023\/06\/DNN-Gaetan2-768x576.jpg 768w, https:\/\/villeurbanne-insoumise-ensemble.fr\/wp-content\/uploads\/2023\/06\/DNN-Gaetan2-850x638.jpg 850w, https:\/\/villeurbanne-insoumise-ensemble.fr\/wp-content\/uploads\/2023\/06\/DNN-Gaetan2.jpg 1280w\" sizes=\"(max-width: 1024px) 100vw, 1024px\" \/><\/figure>\n\n\n\n<p>Parce que 13 millions de personnes en France sont en difficult\u00e9 avec le num\u00e9rique ; parce qu\u2019un tiers des usager\u2022es ont du mal \u00e0 effectuer leurs d\u00e9marches en ligne ; parce que nous voulons que chacun\u2022e puisse acc\u00e9der sans obstacles \u00e0 ses droits : d\u00e8s le mois d\u2019octobre, les services publics de la mairie devront tous \u00eatre accessibles de mani\u00e8re non num\u00e9rique !<\/p>\n\n\n\n<figure class=\"wp-block-image size-large\"><img loading=\"lazy\" width=\"1024\" height=\"768\" src=\"http:\/\/villeurbanne-insoumise-ensemble.fr\/wp-content\/uploads\/2023\/06\/DNN-Gaetan3-1024x768.jpg\" alt=\"\" class=\"wp-image-1437\" srcset=\"https:\/\/villeurbanne-insoumise-ensemble.fr\/wp-content\/uploads\/2023\/06\/DNN-Gaetan3-1024x768.jpg 1024w, https:\/\/villeurbanne-insoumise-ensemble.fr\/wp-content\/uploads\/2023\/06\/DNN-Gaetan3-300x225.jpg 300w, https:\/\/villeurbanne-insoumise-ensemble.fr\/wp-content\/uploads\/2023\/06\/DNN-Gaetan3-768x576.jpg 768w, https:\/\/villeurbanne-insoumise-ensemble.fr\/wp-content\/uploads\/2023\/06\/DNN-Gaetan3-850x638.jpg 850w, https:\/\/villeurbanne-insoumise-ensemble.fr\/wp-content\/uploads\/2023\/06\/DNN-Gaetan3.jpg 1280w\" sizes=\"(max-width: 1024px) 100vw, 1024px\" \/><\/figure>\n","protected":false},"excerpt":{"rendered":"<p>Ce matin, Ga\u00ebtan Constant pr\u00e9sentait aux agentes et agents de la direction de la population le contenu de la future d\u00e9lib\u00e9ration instituant le droit au non num\u00e9rique \u00e0 la Ville de Villeurbanne ! Parce que 13 millions de personnes en France sont en difficult\u00e9 avec le num\u00e9rique ; parce qu\u2019un tiers des usager\u2022es ont du&#8230;<\/p>\n","protected":false},"author":1,"featured_media":0,"comment_status":"open","ping_status":"open","sticky":false,"template":"","format":"standard","meta":[],"categories":[5],"tags":[86,43],"_links":{"self":[{"href":"https:\/\/villeurbanne-insoumise-ensemble.fr\/index.php?rest_route=\/wp\/v2\/posts\/1435"}],"collection":[{"href":"https:\/\/villeurbanne-insoumise-ensemble.fr\/index.php?rest_route=\/wp\/v2\/posts"}],"about":[{"href":"https:\/\/villeurbanne-insoumise-ensemble.fr\/index.php?rest_route=\/wp\/v2\/types\/post"}],"author":[{"embeddable":true,"href":"https:\/\/villeurbanne-insoumise-ensemble.fr\/index.php?rest_route=\/wp\/v2\/users\/1"}],"replies":[{"embeddable":true,"href":"https:\/\/villeurbanne-insoumise-ensemble.fr\/index.php?rest_route=%2Fwp%2Fv2%2Fcomments&post=1435"}],"version-history":[{"count":2,"href":"https:\/\/villeurbanne-insoumise-ensemble.fr\/index.php?rest_route=\/wp\/v2\/posts\/1435\/revisions"}],"predecessor-version":[{"id":1439,"href":"https:\/\/villeurbanne-insoumise-ensemble.fr\/index.php?rest_route=\/wp\/v2\/posts\/1435\/revisions\/1439"}],"wp:attachment":[{"href":"https:\/\/villeurbanne-insoumise-ensemble.fr\/index.php?rest_route=%2Fwp%2Fv2%2Fmedia&parent=1435"}],"wp:term":[{"taxonomy":"category","embeddable":true,"href":"https:\/\/villeurbanne-insoumise-ensemble.fr\/index.php?rest_route=%2Fwp%2Fv2%2Fcategories&post=1435"},{"taxonomy":"post_tag","embeddable":true,"href":"https:\/\/villeurbanne-insoumise-ensemble.fr\/index.php?rest_route=%2Fwp%2Fv2%2Ftags&post=1435"}],"curies":[{"name":"wp","href":"https:\/\/api.w.org\/{rel}","templated":true}]}}