{"id":1430,"date":"2023-06-01T09:30:00","date_gmt":"2023-06-01T07:30:00","guid":{"rendered":"https:\/\/villeurbanne-insoumise-ensemble.fr\/?p=1430"},"modified":"2023-11-23T11:56:28","modified_gmt":"2023-11-23T10:56:28","slug":"combattre-lextreme-droite","status":"publish","type":"post","link":"https:\/\/villeurbanne-insoumise-ensemble.fr\/?p=1430","title":{"rendered":"Combattre l&#8217;extr\u00eame-droite !"},"content":{"rendered":"\n<p><br>L. Wauquiez diminue encore la participation de la r\u00e9gion Auvergne-Rh\u00f4ne-Alpes \u00e0 la culture, apr\u00e8s l\u2019avoir baiss\u00e9e de 4 millions d\u2019euros en 2022. Le directeur du TNG, qui a critiqu\u00e9 cette d\u00e9cision autoritaire, s&#8217;est vu retirer sa subvention. Mais ce n&#8217;est visiblement pas assez pour celui qui se r\u00eave Jupiter apr\u00e8s Jupiter. S&#8217;il \u00e9tait \u00e9lu en 2027, Wauquiez supprimerait, de son aveu, tous les contre-pouvoirs de l&#8217;Etat. On n&#8217;aurait pas \u00e9t\u00e9 surpris d&#8217;entendre cela dans la bouche d&#8217;un dictateur. Mais d\u2019un \u00e9lu de la R\u00e9publique ?<\/p>\n\n\n\n<p>S&#8217;il peut se permettre d&#8217;\u00eatre si d\u00e9complex\u00e9, c&#8217;est que nous baignons dans des pratiques de l\u2019\u00c9tat perm\u00e9ables aux id\u00e9es d\u2019extr\u00eame droite. Le pouvoir ne supporte plus la contestation. Alors que le d\u00e9lit d&#8217;offense du chef de l\u2019\u00c9tat n&#8217;existe plus, plusieurs fran\u00e7ais ont \u00e9t\u00e9 intimid\u00e9s par la police pour avoir \u00e9crit &#8220;<em>Macron on t&#8217;emmerde<\/em>&#8221; ou l&#8217;avoir qualifi\u00e9 d&#8217; &#8220;<em>ordure<\/em>&#8220;. Face \u00e0 la contestation de la r\u00e9forme des retraites, la garde \u00e0 vue est utilis\u00e9e comme un outil de r\u00e9pression, le droit de gr\u00e8ve est limit\u00e9 par des r\u00e9quisitions, et des arr\u00eat\u00e9s ill\u00e9gaux&nbsp; sont pris pour interdire les casserolades. Ceux et celles qui contestent sont de plus en plus contr\u00f4l\u00e9\u00b7e\u00b7s, en t\u00e9moigne l&#8217;autorisation de drones et l&#8217;usage que veut en faire la pr\u00e9fecture de police avec l&#8217;ajout d&#8217;un &#8220;<em>produit marquant <\/em>&#8221; voire de reconnaissance faciale.<\/p>\n\n\n\n<p>Alors que nos libert\u00e9s politiques se r\u00e9duisent, celle de la presse est elle aussi malmen\u00e9e. Le dernier exemple est la suppression incompr\u00e9hensible de l&#8217;\u00e9mission <em>C&#8217;est encore nous<\/em> sur France Inter, l&#8217;un des derniers espaces de critique du pouvoir \u00e0 une heure de grande \u00e9coute. Alors que le pluralisme politique se r\u00e9duit dans les m\u00e9dias, les th\u00e9matiques de l&#8217;extr\u00eame-droite enflent, dict\u00e9es par l&#8217;agenda du gouvernement. Quand la priorit\u00e9 devrait \u00eatre \u00e0 l&#8217;inflation et \u00e0 l\u2019\u00e9cologie, ce sont immigration et s\u00e9curit\u00e9 qui saturent le d\u00e9bat et encouragent la violence des groupuscules d&#8217;extr\u00eame-droite.<\/p>\n\n\n\n<p>Parler, c&#8217;est d\u00e9j\u00e0 r\u00e9sister. Alors ne nous taisons pas !<\/p>\n","protected":false},"excerpt":{"rendered":"<p>L. Wauquiez diminue encore la participation de la r\u00e9gion Auvergne-Rh\u00f4ne-Alpes \u00e0 la culture, apr\u00e8s l\u2019avoir baiss\u00e9e de 4 millions d\u2019euros en 2022. Le directeur du TNG, qui a critiqu\u00e9 cette d\u00e9cision autoritaire, s&#8217;est vu retirer sa subvention. Mais ce n&#8217;est visiblement pas assez pour celui qui se r\u00eave Jupiter apr\u00e8s Jupiter. S&#8217;il \u00e9tait \u00e9lu en&#8230;<\/p>\n","protected":false},"author":1,"featured_media":0,"comment_status":"open","ping_status":"open","sticky":false,"template":"","format":"standard","meta":[],"categories":[145,17],"tags":[87],"_links":{"self":[{"href":"https:\/\/villeurbanne-insoumise-ensemble.fr\/index.php?rest_route=\/wp\/v2\/posts\/1430"}],"collection":[{"href":"https:\/\/villeurbanne-insoumise-ensemble.fr\/index.php?rest_route=\/wp\/v2\/posts"}],"about":[{"href":"https:\/\/villeurbanne-insoumise-ensemble.fr\/index.php?rest_route=\/wp\/v2\/types\/post"}],"author":[{"embeddable":true,"href":"https:\/\/villeurbanne-insoumise-ensemble.fr\/index.php?rest_route=\/wp\/v2\/users\/1"}],"replies":[{"embeddable":true,"href":"https:\/\/villeurbanne-insoumise-ensemble.fr\/index.php?rest_route=%2Fwp%2Fv2%2Fcomments&post=1430"}],"version-history":[{"count":3,"href":"https:\/\/villeurbanne-insoumise-ensemble.fr\/index.php?rest_route=\/wp\/v2\/posts\/1430\/revisions"}],"predecessor-version":[{"id":1433,"href":"https:\/\/villeurbanne-insoumise-ensemble.fr\/index.php?rest_route=\/wp\/v2\/posts\/1430\/revisions\/1433"}],"wp:attachment":[{"href":"https:\/\/villeurbanne-insoumise-ensemble.fr\/index.php?rest_route=%2Fwp%2Fv2%2Fmedia&parent=1430"}],"wp:term":[{"taxonomy":"category","embeddable":true,"href":"https:\/\/villeurbanne-insoumise-ensemble.fr\/index.php?rest_route=%2Fwp%2Fv2%2Fcategories&post=1430"},{"taxonomy":"post_tag","embeddable":true,"href":"https:\/\/villeurbanne-insoumise-ensemble.fr\/index.php?rest_route=%2Fwp%2Fv2%2Ftags&post=1430"}],"curies":[{"name":"wp","href":"https:\/\/api.w.org\/{rel}","templated":true}]}}