{"id":1391,"date":"2023-04-01T11:46:00","date_gmt":"2023-04-01T09:46:00","guid":{"rendered":"https:\/\/villeurbanne-insoumise-ensemble.fr\/?p=1391"},"modified":"2023-11-23T11:54:11","modified_gmt":"2023-11-23T10:54:11","slug":"tuto-comment-renverser-leconomie-capitaliste","status":"publish","type":"post","link":"https:\/\/villeurbanne-insoumise-ensemble.fr\/?p=1391","title":{"rendered":"TUTO : Comment renverser l\u2019\u00e9conomie capitaliste ?"},"content":{"rendered":"\n<p>La concentration des moyens de production et du profit pour quelques un\u00b7es face au travail comme seul revenu pour les autres : voil\u00e0 le syst\u00e8me \u00e9conomique dans lequel nous vivons et qui cr\u00e9e tant d\u2019in\u00e9galit\u00e9s.<\/p>\n\n\n\n<p>Pourtant, tous les humains ont des besoins n\u00e9cessaires pour vivre dignement. Est-il raisonnable de confier leur assouvissement \u00e0 des personnes qui ne recherchent que l\u2019enrichissement, au risque d\u2019exclure ceux et celles qui ne peuvent pas payer pour y acc\u00e9der ?<\/p>\n\n\n\n<p>Premi\u00e8re \u00e9tape. Boire, se nourrir, se loger, se soigner, s\u2019\u00e9duquer : ces besoins sont trop pr\u00e9cieux pour les confier \u00e0 l\u2019app\u00e9tit financier. Pour cela, l&#8217;\u00e9ducation publique et la s\u00e9curit\u00e9 sociale sont assur\u00e9es par la solidarit\u00e9 plut\u00f4t que par la cupidit\u00e9. Mais nous pourrions aller plus loin. En plus de sauvegarder notre mod\u00e8le de protection sociale, nous devrions le renforcer en sortant du march\u00e9 toutes les activit\u00e9s n\u00e9cessaires \u00e0 nos vies. Voyons cela en deuxi\u00e8me \u00e9tape.<\/p>\n\n\n\n<p>Comme les mutuelles ouvri\u00e8res ont inspir\u00e9 notre syst\u00e8me de sant\u00e9, l\u2019habitat participatif et les supermarch\u00e9s coop\u00e9ratifs sont le germe d\u2019un nouveau syst\u00e8me de solidarit\u00e9. Pour l\u2019habitat participatif, comme dans les futurs Gratte-Ciel ou \u00e0 l&#8217;Autre Soie, ce sont les habitant\u00b7e\u00b7s qui cr\u00e9ent un logement non standardis\u00e9, avec des espaces partag\u00e9s, des mat\u00e9riaux \u00e9cologiques, sans sp\u00e9culation immobili\u00e8re. Toutes ces valeurs sont garanties par la participation directe.<\/p>\n\n\n\n<p>Derni\u00e8re \u00e9tape : on se rend ind\u00e9pendant\u00b7e\u00b7s des grandes enseignes. C\u2019est le principe des supermarch\u00e9s coop\u00e9ratifs, comme la <em>Melting Coop<\/em> soutenue par la mairie de Villeurbanne. Les consommateur\u00b7ices deviennent coop\u00e9rateur\u00b7ices, se r\u00e9approprient leurs achats, et sortent d\u2019un syst\u00e8me qui ne respecte ni les producteur\u00b7ice\u00b7s, ni les acheteur\u00b7eus\u00b7es. Ils et elles choisissent la provenance et la qualit\u00e9 des produits, pour un prix juste dont les marges sont r\u00e9investies dans le magasin.<\/p>\n\n\n\n<p>Le tuto est termin\u00e9. Partagez, aimez, appliquez pour que nous vivions dans un monde soutenable !<\/p>\n","protected":false},"excerpt":{"rendered":"<p>La concentration des moyens de production et du profit pour quelques un\u00b7es face au travail comme seul revenu pour les autres : voil\u00e0 le syst\u00e8me \u00e9conomique dans lequel nous vivons et qui cr\u00e9e tant d\u2019in\u00e9galit\u00e9s. Pourtant, tous les humains ont des besoins n\u00e9cessaires pour vivre dignement. Est-il raisonnable de confier leur assouvissement \u00e0 des personnes&#8230;<\/p>\n","protected":false},"author":1,"featured_media":0,"comment_status":"open","ping_status":"open","sticky":false,"template":"","format":"standard","meta":[],"categories":[145,17],"tags":[88],"_links":{"self":[{"href":"https:\/\/villeurbanne-insoumise-ensemble.fr\/index.php?rest_route=\/wp\/v2\/posts\/1391"}],"collection":[{"href":"https:\/\/villeurbanne-insoumise-ensemble.fr\/index.php?rest_route=\/wp\/v2\/posts"}],"about":[{"href":"https:\/\/villeurbanne-insoumise-ensemble.fr\/index.php?rest_route=\/wp\/v2\/types\/post"}],"author":[{"embeddable":true,"href":"https:\/\/villeurbanne-insoumise-ensemble.fr\/index.php?rest_route=\/wp\/v2\/users\/1"}],"replies":[{"embeddable":true,"href":"https:\/\/villeurbanne-insoumise-ensemble.fr\/index.php?rest_route=%2Fwp%2Fv2%2Fcomments&post=1391"}],"version-history":[{"count":1,"href":"https:\/\/villeurbanne-insoumise-ensemble.fr\/index.php?rest_route=\/wp\/v2\/posts\/1391\/revisions"}],"predecessor-version":[{"id":1392,"href":"https:\/\/villeurbanne-insoumise-ensemble.fr\/index.php?rest_route=\/wp\/v2\/posts\/1391\/revisions\/1392"}],"wp:attachment":[{"href":"https:\/\/villeurbanne-insoumise-ensemble.fr\/index.php?rest_route=%2Fwp%2Fv2%2Fmedia&parent=1391"}],"wp:term":[{"taxonomy":"category","embeddable":true,"href":"https:\/\/villeurbanne-insoumise-ensemble.fr\/index.php?rest_route=%2Fwp%2Fv2%2Fcategories&post=1391"},{"taxonomy":"post_tag","embeddable":true,"href":"https:\/\/villeurbanne-insoumise-ensemble.fr\/index.php?rest_route=%2Fwp%2Fv2%2Ftags&post=1391"}],"curies":[{"name":"wp","href":"https:\/\/api.w.org\/{rel}","templated":true}]}}