{"id":1389,"date":"2023-05-01T11:45:00","date_gmt":"2023-05-01T09:45:00","guid":{"rendered":"https:\/\/villeurbanne-insoumise-ensemble.fr\/?p=1389"},"modified":"2023-11-23T11:54:55","modified_gmt":"2023-11-23T10:54:55","slug":"les-sdf-ont-ils-des-comptes-bancaires-dans-les-iles-caiman","status":"publish","type":"post","link":"https:\/\/villeurbanne-insoumise-ensemble.fr\/?p=1389","title":{"rendered":"Les SDF ont-ils des comptes bancaires dans les \u00eeles Ca\u00efman ?"},"content":{"rendered":"\n<p>C\u2019est ce que semble penser l\u2019alliance des droites macronistes, LR et RN.<\/p>\n\n\n\n<p>Car contre l\u2019avis du D\u00e9fenseur des droits, elle a vot\u00e9 d\u2019une seule voix la loi Kasbarian-Berg\u00e9, qui d\u00e9truit la protection de millions de locataires et des sans-abris en renfor\u00e7ant celle donn\u00e9e \u00e0 quelques multipropri\u00e9taires. Celles et ceux qui occupent un domicile vide voient leur amende grimper de 15 000 \u00e0 45 000\u20ac, tandis que les locataires qui ne s\u2019auto-expulseraient pas pour impay\u00e9 risquent d\u00e9sormais 7 500\u20ac&nbsp; d\u2019amende et 6 mois de prison ferme. M\u00eame des gr\u00e9vistes qui occuperaient leur lieu de travail pourraient \u00eatre condamn\u00e9s \u00e0 3 ans de prison !<\/p>\n\n\n\n<p>Ce sont encore les plus riches qui vont b\u00e9n\u00e9ficier de cette loi. Selon l\u2019INSEE, \u00ab <em>24 % des m\u00e9nages d\u00e9tiennent 68 % des logements <\/em>\u00bb, et ce sont les plus ais\u00e9s qui en ont le plus. 30% des fran\u00e7ais n\u2019ont pas les moyens d\u2019\u00eatre propri\u00e9taires. La figure du retrait\u00e9 modeste dont le logement servirait comme compl\u00e9ment de revenu est donc plus un mythe qu\u2019une r\u00e9alit\u00e9. Et en ce qui concerne les squats, leur nombre est largement exag\u00e9r\u00e9 puisque seuls 170 logements l\u2019ont \u00e9t\u00e9 en 2021. Sur 3,1 millions de logements vacants, c\u2019est une goutte d\u2019eau\u2026<\/p>\n\n\n\n<p>A contre-courant des d\u00e9cisions de la droite, nous continuerons \u00e0 essayer de trouver des solutions d\u2019h\u00e9bergement et d&#8217;hospitalit\u00e9 pour chacun\u00b7e. Villeurbanne s&#8217;est engag\u00e9e dans l&#8217;ouverture de nouveaux lieux : le Ch\u00e2teau, un projet d&#8217;habitat temporaire qui comprend 130 appartements, des salles d&#8217;activit\u00e9 et des associations ; Zone Libre, qui abrite des personnes en tr\u00e8s forte exclusion et La Base, des modulaires d&#8217;habitation o\u00f9 vivent m\u00e8res isol\u00e9es et enfants. Nous cr\u00e9ons aussi des \u00e9quipements pour r\u00e9pondre aux besoins primaires, avec Archipel (se nourrir) et Le Phare (accueil de jour et bains douches). Depuis le d\u00e9but du mandat, nous accompagnons et s\u00e9curisons au mieux les squats et les bidonvilles.<\/p>\n\n\n\n<p>Nous sugg\u00e9rons une autre proposition de loi \u00ab <em>visant \u00e0 <\/em>prot\u00e9ger <em>les <\/em>locataires et sans-abris <em>contre <\/em>les propri\u00e9taires rapaces \u00bb&nbsp;!<\/p>\n","protected":false},"excerpt":{"rendered":"<p>C\u2019est ce que semble penser l\u2019alliance des droites macronistes, LR et RN. Car contre l\u2019avis du D\u00e9fenseur des droits, elle a vot\u00e9 d\u2019une seule voix la loi Kasbarian-Berg\u00e9, qui d\u00e9truit la protection de millions de locataires et des sans-abris en renfor\u00e7ant celle donn\u00e9e \u00e0 quelques multipropri\u00e9taires. Celles et ceux qui occupent un domicile vide voient&#8230;<\/p>\n","protected":false},"author":1,"featured_media":0,"comment_status":"open","ping_status":"open","sticky":false,"template":"","format":"standard","meta":[],"categories":[145,17],"tags":[53],"_links":{"self":[{"href":"https:\/\/villeurbanne-insoumise-ensemble.fr\/index.php?rest_route=\/wp\/v2\/posts\/1389"}],"collection":[{"href":"https:\/\/villeurbanne-insoumise-ensemble.fr\/index.php?rest_route=\/wp\/v2\/posts"}],"about":[{"href":"https:\/\/villeurbanne-insoumise-ensemble.fr\/index.php?rest_route=\/wp\/v2\/types\/post"}],"author":[{"embeddable":true,"href":"https:\/\/villeurbanne-insoumise-ensemble.fr\/index.php?rest_route=\/wp\/v2\/users\/1"}],"replies":[{"embeddable":true,"href":"https:\/\/villeurbanne-insoumise-ensemble.fr\/index.php?rest_route=%2Fwp%2Fv2%2Fcomments&post=1389"}],"version-history":[{"count":1,"href":"https:\/\/villeurbanne-insoumise-ensemble.fr\/index.php?rest_route=\/wp\/v2\/posts\/1389\/revisions"}],"predecessor-version":[{"id":1390,"href":"https:\/\/villeurbanne-insoumise-ensemble.fr\/index.php?rest_route=\/wp\/v2\/posts\/1389\/revisions\/1390"}],"wp:attachment":[{"href":"https:\/\/villeurbanne-insoumise-ensemble.fr\/index.php?rest_route=%2Fwp%2Fv2%2Fmedia&parent=1389"}],"wp:term":[{"taxonomy":"category","embeddable":true,"href":"https:\/\/villeurbanne-insoumise-ensemble.fr\/index.php?rest_route=%2Fwp%2Fv2%2Fcategories&post=1389"},{"taxonomy":"post_tag","embeddable":true,"href":"https:\/\/villeurbanne-insoumise-ensemble.fr\/index.php?rest_route=%2Fwp%2Fv2%2Ftags&post=1389"}],"curies":[{"name":"wp","href":"https:\/\/api.w.org\/{rel}","templated":true}]}}