{"id":1369,"date":"2023-05-15T21:03:16","date_gmt":"2023-05-15T19:03:16","guid":{"rendered":"https:\/\/villeurbanne-insoumise-ensemble.fr\/?p=1369"},"modified":"2024-01-16T14:20:13","modified_gmt":"2024-01-16T13:20:13","slug":"linclusion-nest-pas-une-option","status":"publish","type":"post","link":"https:\/\/villeurbanne-insoumise-ensemble.fr\/?p=1369","title":{"rendered":"L&#8217;inclusion n&#8217;est pas une option !"},"content":{"rendered":"\n<p><em>Par Agathe FORT<\/em><\/p>\n\n\n\n<figure class=\"wp-block-embed is-type-video is-provider-youtube wp-block-embed-youtube wp-embed-aspect-16-9 wp-has-aspect-ratio\"><div class=\"wp-block-embed__wrapper\">\n<iframe loading=\"lazy\" title=\"Agathe FORT - L&#039;inclusion n&#039;est pas une option !\" width=\"640\" height=\"360\" src=\"https:\/\/www.youtube.com\/embed\/dK4y3_x1NhU?feature=oembed\" frameborder=\"0\" allow=\"accelerometer; autoplay; clipboard-write; encrypted-media; gyroscope; picture-in-picture; web-share\" allowfullscreen><\/iframe>\n<\/div><\/figure>\n\n\n\n<p>Ce rapport d&#8217;activit\u00e9s 2022 du Conseil Consultatif Ville, Autonomie et Handicaps est pr\u00e9sent\u00e9 en Conseil municipal pour la premi\u00e8re fois dans une volont\u00e9 de transparence et de visibilisation. A Villeurbanne, l&#8217;inclusion a toujours \u00e9t\u00e9 un axe important des politiques municipales, et depuis le d\u00e9but de ce mandat nous acc\u00e9l\u00e9rons les transformations n\u00e9cessaires \u00e0 l&#8217;\u00e9galit\u00e9 pour les personnes en situation de handicap.<\/p>\n\n\n\n<p>Au niveau national, le Conseil de l&#8217;Europe d\u00e9nonce une violation des droits des personnes en situation de handicap et de leurs familles par l&#8217;Etat fran\u00e7ais, et \u00e0 Villeurbanne nous essayons de prendre nos responsabilit\u00e9s sur le sujet depuis de nombreuses ann\u00e9es. Depuis le d\u00e9but de ce mandat nous acc\u00e9l\u00e9rons cela, notamment avec le renforcement de la participation des personnes concern\u00e9es aux orientations municipales, ce qui est explicit\u00e9 dans la premi\u00e8re partie du rapport, avec notamment le choix de groupes de travail de th\u00e9matiques pour des groupes de travail par les personnes concern\u00e9es elles-m\u00eames. Et donc il y a un groupe de travail sur l\u2019accessibilit\u00e9 num\u00e9rique, et une groupe de travail sur l&#8217;accessibilit\u00e9 de la culture notamment.<\/p>\n\n\n\n<p>Je tiens \u00e0 saluer les liens importants avec les associations qui font un travail remarquable sur notre territoire. A Villeurbanne, toute l&#8217;\u00e9quipe municipale prend la pleine mesure de la n\u00e9cessit\u00e9 de travailler tous les aspects de nos d\u00e9cisions municipales. L&#8217;emploi, l&#8217;\u00e9ducation, le sport, l&#8217;urbanisme, la culture&nbsp;: toutes ces actions sont d\u00e9taill\u00e9es dans la seconde partie du rapport que je vous invite donc \u00e0 consulter, vous l&#8217;avez tous sur vos tables, et il est consultable en ligne sur le site internet.<\/p>\n\n\n\n<p>L&#8217;inclusion doit \u00eatre prise en compte au d\u00e9marrage des projets, non pas apr\u00e8s, et cela dans toutes les institutions publiques. Cela ne doit pas \u00eatre trait\u00e9 apr\u00e8s, et vu comme une travail suppl\u00e9mentaire voire comme un co\u00fbt suppl\u00e9mentaire. L&#8217;inclusion n&#8217;est pas une option. Les efforts doivent aussi \u00eatre soutenus dans le secteur priv\u00e9 et le droit, comme je vous le disais notamment avec l&#8217;association REAJI, doit \u00eatre un appui pour faire avancer les changements.<\/p>\n\n\n\n<p>Nous aurons dans les prochaines ann\u00e9es de gros enjeux, comme par exemple les suites \u00e0 donner \u00e0 notre programme de mise en accessibilit\u00e9 des \u00e9tablissements recevant du public, notre programme AD&#8217;AP, qui va se terminer en 2024 et que nous allons demander de poursuivre pour deux ann\u00e9es suppl\u00e9mentaires afin de terminer ce programme. Le covid nous a un petit peu retard\u00e9s dans la mise en place de ces accessibilit\u00e9s mais nous aurons termin\u00e9 en 2026. Pour autant, quelles suites nous allons donner \u00e0 cela&nbsp;? Quels investissements nous allons faire&nbsp;? De nouveaux ERP voient le jour&nbsp;: qu&#8217;est-ce que nous allons faire des acquisitions de la ville&nbsp;? Et comment nous allons voir \u00e7a, \u00e7a va faire partie des gros enjeux des prochaines ann\u00e9es.<\/p>\n\n\n\n<p>Pour terminer et pour ne pas faire trop long, parce que le rapport explicite d\u00e9j\u00e0 bien tout ce qui est fait par la ville, je vais vous inviter \u00e0 la semaine des handicaps qui commence lundi prochain, le 22 mai. C&#8217;est donc une semaine, comme chaque ann\u00e9e, depuis le d\u00e9but du mandat c&#8217;est chaque ann\u00e9e que nous faisons cette semaine de sensibilisation autour des diff\u00e9rents handicaps. Nous veillons \u00e0 ce que tous les handicaps soient repr\u00e9sent\u00e9s, et d&#8217;avoir des \u00e9v\u00e9nements port\u00e9s notamment par les directions de la ville mais aussi par les associations, sur des th\u00e8mes vari\u00e9s qui touchent donc l&#8217;ensemble des handicaps, l&#8217;ensemble des th\u00e9matiques, et qui se situent un petit peu partout sur le territoire villeurbannais. Donc je vous invite \u00e0 consulter le joli programme, on a des belles affiches dans la ville, et puis le programme est consultable en ligne. Donc je vous invite toute la semaine prochaine \u00e0 participer \u00e0 cette belle semaine.<\/p>\n","protected":false},"excerpt":{"rendered":"<p>Par Agathe FORT Ce rapport d&#8217;activit\u00e9s 2022 du Conseil Consultatif Ville, Autonomie et Handicaps est pr\u00e9sent\u00e9 en Conseil municipal pour la premi\u00e8re fois dans une volont\u00e9 de transparence et de visibilisation. A Villeurbanne, l&#8217;inclusion a toujours \u00e9t\u00e9 un axe important des politiques municipales, et depuis le d\u00e9but de ce mandat nous acc\u00e9l\u00e9rons les transformations n\u00e9cessaires&#8230;<\/p>\n","protected":false},"author":1,"featured_media":0,"comment_status":"open","ping_status":"open","sticky":false,"template":"","format":"standard","meta":[],"categories":[190,7],"tags":[79,43],"_links":{"self":[{"href":"https:\/\/villeurbanne-insoumise-ensemble.fr\/index.php?rest_route=\/wp\/v2\/posts\/1369"}],"collection":[{"href":"https:\/\/villeurbanne-insoumise-ensemble.fr\/index.php?rest_route=\/wp\/v2\/posts"}],"about":[{"href":"https:\/\/villeurbanne-insoumise-ensemble.fr\/index.php?rest_route=\/wp\/v2\/types\/post"}],"author":[{"embeddable":true,"href":"https:\/\/villeurbanne-insoumise-ensemble.fr\/index.php?rest_route=\/wp\/v2\/users\/1"}],"replies":[{"embeddable":true,"href":"https:\/\/villeurbanne-insoumise-ensemble.fr\/index.php?rest_route=%2Fwp%2Fv2%2Fcomments&post=1369"}],"version-history":[{"count":1,"href":"https:\/\/villeurbanne-insoumise-ensemble.fr\/index.php?rest_route=\/wp\/v2\/posts\/1369\/revisions"}],"predecessor-version":[{"id":1370,"href":"https:\/\/villeurbanne-insoumise-ensemble.fr\/index.php?rest_route=\/wp\/v2\/posts\/1369\/revisions\/1370"}],"wp:attachment":[{"href":"https:\/\/villeurbanne-insoumise-ensemble.fr\/index.php?rest_route=%2Fwp%2Fv2%2Fmedia&parent=1369"}],"wp:term":[{"taxonomy":"category","embeddable":true,"href":"https:\/\/villeurbanne-insoumise-ensemble.fr\/index.php?rest_route=%2Fwp%2Fv2%2Fcategories&post=1369"},{"taxonomy":"post_tag","embeddable":true,"href":"https:\/\/villeurbanne-insoumise-ensemble.fr\/index.php?rest_route=%2Fwp%2Fv2%2Ftags&post=1369"}],"curies":[{"name":"wp","href":"https:\/\/api.w.org\/{rel}","templated":true}]}}