{"id":1348,"date":"2023-04-18T09:31:24","date_gmt":"2023-04-18T07:31:24","guid":{"rendered":"https:\/\/villeurbanne-insoumise-ensemble.fr\/?p=1348"},"modified":"2024-01-16T14:20:40","modified_gmt":"2024-01-16T13:20:40","slug":"des-efforts-importants-en-creation-de-postes","status":"publish","type":"post","link":"https:\/\/villeurbanne-insoumise-ensemble.fr\/?p=1348","title":{"rendered":"Des efforts importants en cr\u00e9ation de postes !"},"content":{"rendered":"\n<p><em>Par Olivier GL\u00dcCK<\/em><\/p>\n\n\n\n<figure class=\"wp-block-embed is-type-video is-provider-youtube wp-block-embed-youtube wp-embed-aspect-16-9 wp-has-aspect-ratio\"><div class=\"wp-block-embed__wrapper\">\n<iframe loading=\"lazy\" title=\"Olivier GL\u00dcCK - Des efforts importants en cr\u00e9ation de postes\" width=\"640\" height=\"360\" src=\"https:\/\/www.youtube.com\/embed\/sKYi1d_NI-M?feature=oembed\" frameborder=\"0\" allow=\"accelerometer; autoplay; clipboard-write; encrypted-media; gyroscope; picture-in-picture; web-share\" allowfullscreen><\/iframe>\n<\/div><\/figure>\n\n\n\n<p><em><strong>Pr\u00e9sentation de la d\u00e9lib\u00e9ration<\/strong><\/em><\/p>\n\n\n\n<p>Cette d\u00e9lib\u00e9ration met en \u0153uvre l&#8217;\u00e9volution des emplois de la Ville, comme cela a \u00e9t\u00e9 pr\u00e9sent\u00e9 lors du Budget primitif 2023. Il s\u2019agit principalement de cr\u00e9ations ou de transformations de postes dans de nombreux services de la Ville, en particulier la police municipale, le r\u00e9seau de lecture publique, la vie associative, la jeunesse, la petite enfance, la population, les espaces publics et naturels, l\u2019\u00e9ducation, la restauration municipale, les ateliers de la Ville, la mission participation citoyenne, l\u2019urbanisme, la construction, et aussi les services ressources, comme la Direction des ressources humaines ou celle des services informatiques.<\/p>\n\n\n\n<p>Ces \u00e9volutions ont \u00e9t\u00e9 discut\u00e9es en Comit\u00e9 Social Territorial, avec les repr\u00e9sentants du personnel, et elles traduisent nos politiques municipales inscrites au plan de mandat.<\/p>\n\n\n\n<p>Je suis pr\u00eat \u00e0 \u00e9couter les interventions et les questions.<\/p>\n\n\n\n<p><strong><em>Prise de parole apr\u00e8s les interventions<\/em><\/strong><\/p>\n\n\n\n<p>Je remercie le groupe Cercle radical et place publique pour leur intervention, qui souligne des efforts importants en mati\u00e8re de cr\u00e9ations de postes depuis le d\u00e9but du mandat, qui sont le reflet de nos politiques municipales, avec un triptyque important\u00a0: \u00e0 la fois de nouvelles politiques publiques, mais aussi accompagner les \u00e9volutions d\u00e9mographiques de la population en cr\u00e9ant les \u00e9quipements municipaux dont elle a besoin, et enfin, le renfort d\u2019un certain nombre de services qui, eux aussi, ont besoin de ces \u00e9volutions pour pouvoir assurer leurs missions.<\/p>\n","protected":false},"excerpt":{"rendered":"<p>Par Olivier GL\u00dcCK Pr\u00e9sentation de la d\u00e9lib\u00e9ration Cette d\u00e9lib\u00e9ration met en \u0153uvre l&#8217;\u00e9volution des emplois de la Ville, comme cela a \u00e9t\u00e9 pr\u00e9sent\u00e9 lors du Budget primitif 2023. Il s\u2019agit principalement de cr\u00e9ations ou de transformations de postes dans de nombreux services de la Ville, en particulier la police municipale, le r\u00e9seau de lecture publique,&#8230;<\/p>\n","protected":false},"author":1,"featured_media":0,"comment_status":"open","ping_status":"open","sticky":false,"template":"","format":"standard","meta":[],"categories":[190,7],"tags":[43,182],"_links":{"self":[{"href":"https:\/\/villeurbanne-insoumise-ensemble.fr\/index.php?rest_route=\/wp\/v2\/posts\/1348"}],"collection":[{"href":"https:\/\/villeurbanne-insoumise-ensemble.fr\/index.php?rest_route=\/wp\/v2\/posts"}],"about":[{"href":"https:\/\/villeurbanne-insoumise-ensemble.fr\/index.php?rest_route=\/wp\/v2\/types\/post"}],"author":[{"embeddable":true,"href":"https:\/\/villeurbanne-insoumise-ensemble.fr\/index.php?rest_route=\/wp\/v2\/users\/1"}],"replies":[{"embeddable":true,"href":"https:\/\/villeurbanne-insoumise-ensemble.fr\/index.php?rest_route=%2Fwp%2Fv2%2Fcomments&post=1348"}],"version-history":[{"count":1,"href":"https:\/\/villeurbanne-insoumise-ensemble.fr\/index.php?rest_route=\/wp\/v2\/posts\/1348\/revisions"}],"predecessor-version":[{"id":1349,"href":"https:\/\/villeurbanne-insoumise-ensemble.fr\/index.php?rest_route=\/wp\/v2\/posts\/1348\/revisions\/1349"}],"wp:attachment":[{"href":"https:\/\/villeurbanne-insoumise-ensemble.fr\/index.php?rest_route=%2Fwp%2Fv2%2Fmedia&parent=1348"}],"wp:term":[{"taxonomy":"category","embeddable":true,"href":"https:\/\/villeurbanne-insoumise-ensemble.fr\/index.php?rest_route=%2Fwp%2Fv2%2Fcategories&post=1348"},{"taxonomy":"post_tag","embeddable":true,"href":"https:\/\/villeurbanne-insoumise-ensemble.fr\/index.php?rest_route=%2Fwp%2Fv2%2Ftags&post=1348"}],"curies":[{"name":"wp","href":"https:\/\/api.w.org\/{rel}","templated":true}]}}