{"id":1346,"date":"2023-04-18T09:29:00","date_gmt":"2023-04-18T07:29:00","guid":{"rendered":"https:\/\/villeurbanne-insoumise-ensemble.fr\/?p=1346"},"modified":"2024-01-16T14:20:48","modified_gmt":"2024-01-16T13:20:48","slug":"letat-diminue-fortement-le-financement-des-contrats-aides","status":"publish","type":"post","link":"https:\/\/villeurbanne-insoumise-ensemble.fr\/?p=1346","title":{"rendered":"L\u2019\u00c9tat diminue fortement le financement des contrats aid\u00e9s"},"content":{"rendered":"\n<p><em>Par Olivier Gl\u00fcck<\/em><\/p>\n\n\n\n<figure class=\"wp-block-embed is-type-video is-provider-youtube wp-block-embed-youtube wp-embed-aspect-16-9 wp-has-aspect-ratio\"><div class=\"wp-block-embed__wrapper\">\n<iframe loading=\"lazy\" title=\"Olivier GL\u00dcCK - L\u2019\u00c9tat diminue fortement le financement des contrats aid\u00e9s\" width=\"640\" height=\"360\" src=\"https:\/\/www.youtube.com\/embed\/GOdKxf812TE?feature=oembed\" frameborder=\"0\" allow=\"accelerometer; autoplay; clipboard-write; encrypted-media; gyroscope; picture-in-picture; web-share\" allowfullscreen><\/iframe>\n<\/div><\/figure>\n\n\n\n<p><strong><em>Pr\u00e9sentation de la d\u00e9lib\u00e9ration<\/em><\/strong><\/p>\n\n\n\n<p>Pour faire suite \u00e0 notre soutien \u00e0 la mission locale, nous compl\u00e9tons notre d\u00e9termination \u00e0 accompagner les jeunes et les publics \u00e9loign\u00e9s de l\u2019emploi dans l\u2019insertion professionnelle. Cette d\u00e9lib\u00e9ration pr\u00e9sente la mise en \u0153uvre du dispositif \u00ab\u00a0parcours emploi comp\u00e9tences\u00a0\u00bb. Dans la ville de Villeurbanne, il existe depuis 2019, avec un conventionnement avec l\u2019\u00c9tat pour recruter 40 contrats PEC, l&#8217;acronyme que l&#8217;on utilise. Cette convention a port\u00e9 ses fruits, puisque nous avons recrut\u00e9 38 contrats en 2020, 38 en 2021, 33 en 2022, principalement dans les Directions de l\u2019\u00e9ducation et de la petite enfance, qui sont des secteurs qui recrutent au niveau de la ville et dont les perspectives d\u2019embauche sont \u00e9lev\u00e9es.<\/p>\n\n\n\n<p>Les jeunes repr\u00e9sentent un tiers des effectifs. Il y a \u00e9galement des habitants des quartiers prioritaires de la ville \u00e0 hauteur de 50 %, et des travailleurs en situation de handicap \u00e0 hauteur de 15 %. La philosophie de ces contrats est aussi de reposer sur un triptyque qui est l&#8217;emploi, la formation et l\u2019accompagnement. Tout ce dispositif a \u00e9t\u00e9 \u00e9valu\u00e9, la convention a \u00e9t\u00e9 respect\u00e9e, avec une certaine r\u00e9ussite. Malheureusement, c\u2019est ce qui conclut la d\u00e9lib\u00e9ration, l\u2019\u00c9tat diminue fortement le financement des contrats aid\u00e9s en 2023. C\u2019est ce qui se traduit dans cette nouvelle convention avec une diminution de 25 %, puisque l\u2019on passe de 40 contrats aid\u00e9s pr\u00e9c\u00e9demment \u00e0 seulement 30 dans la nouvelle convention.<\/p>\n\n\n\n<p><strong><em>Prise de parole apr\u00e8s les interventions<\/em><\/strong><\/p>\n\n\n\n<p>Je r\u00e9pondre rapidement \u00e0 M. KABALO sur la question du ch\u00f4mage. Je ne partage pas votre enthousiasme, pour les m\u00eames raisons que Mme KHELIFI.<\/p>\n\n\n\n<p>Il y avait un texte \u00e0 ce sujet dans la pr\u00e9sentation en commission, qui a \u00e9t\u00e9 retir\u00e9.<\/p>\n\n\n\n<p>La formulation pr\u00e9sent\u00e9e aujourd\u2019hui au Conseil municipal ne me semble pas d\u00e9magogique. Elle souligne simplement qu\u2019il y a une baisse du nombre de contrats, de 40 \u00e0 30. Peut-\u00eatre (je m\u2019en excuse dans ce cas) n\u2019est-ce pas li\u00e9 \u00e0 une baisse des financements au niveau national, mais en tous les cas, nous remplissions auparavant nos objectifs avec les 40 contrats aid\u00e9s. Et dans la n\u00e9gociation qui a eu lieu avec la Pr\u00e9fecture pour cette nouvelle d\u00e9lib\u00e9ration, on ne nous a pas autoris\u00e9s \u00e0 poursuivre avec les 40 contrats, et nous passons bien \u00e0 30.<\/p>\n\n\n\n<p>Je partage par ailleurs ce qui a \u00e9t\u00e9 dit par Mme KHELIFI. Je ne vais donc pas m\u2019\u00e9tendre davantage. Merci.<\/p>\n","protected":false},"excerpt":{"rendered":"<p>Par Olivier Gl\u00fcck Pr\u00e9sentation de la d\u00e9lib\u00e9ration Pour faire suite \u00e0 notre soutien \u00e0 la mission locale, nous compl\u00e9tons notre d\u00e9termination \u00e0 accompagner les jeunes et les publics \u00e9loign\u00e9s de l\u2019emploi dans l\u2019insertion professionnelle. Cette d\u00e9lib\u00e9ration pr\u00e9sente la mise en \u0153uvre du dispositif \u00ab\u00a0parcours emploi comp\u00e9tences\u00a0\u00bb. Dans la ville de Villeurbanne, il existe depuis 2019,&#8230;<\/p>\n","protected":false},"author":1,"featured_media":0,"comment_status":"open","ping_status":"open","sticky":false,"template":"","format":"standard","meta":[],"categories":[190,7],"tags":[182],"_links":{"self":[{"href":"https:\/\/villeurbanne-insoumise-ensemble.fr\/index.php?rest_route=\/wp\/v2\/posts\/1346"}],"collection":[{"href":"https:\/\/villeurbanne-insoumise-ensemble.fr\/index.php?rest_route=\/wp\/v2\/posts"}],"about":[{"href":"https:\/\/villeurbanne-insoumise-ensemble.fr\/index.php?rest_route=\/wp\/v2\/types\/post"}],"author":[{"embeddable":true,"href":"https:\/\/villeurbanne-insoumise-ensemble.fr\/index.php?rest_route=\/wp\/v2\/users\/1"}],"replies":[{"embeddable":true,"href":"https:\/\/villeurbanne-insoumise-ensemble.fr\/index.php?rest_route=%2Fwp%2Fv2%2Fcomments&post=1346"}],"version-history":[{"count":1,"href":"https:\/\/villeurbanne-insoumise-ensemble.fr\/index.php?rest_route=\/wp\/v2\/posts\/1346\/revisions"}],"predecessor-version":[{"id":1347,"href":"https:\/\/villeurbanne-insoumise-ensemble.fr\/index.php?rest_route=\/wp\/v2\/posts\/1346\/revisions\/1347"}],"wp:attachment":[{"href":"https:\/\/villeurbanne-insoumise-ensemble.fr\/index.php?rest_route=%2Fwp%2Fv2%2Fmedia&parent=1346"}],"wp:term":[{"taxonomy":"category","embeddable":true,"href":"https:\/\/villeurbanne-insoumise-ensemble.fr\/index.php?rest_route=%2Fwp%2Fv2%2Fcategories&post=1346"},{"taxonomy":"post_tag","embeddable":true,"href":"https:\/\/villeurbanne-insoumise-ensemble.fr\/index.php?rest_route=%2Fwp%2Fv2%2Ftags&post=1346"}],"curies":[{"name":"wp","href":"https:\/\/api.w.org\/{rel}","templated":true}]}}