{"id":1343,"date":"2023-04-18T09:24:10","date_gmt":"2023-04-18T07:24:10","guid":{"rendered":"https:\/\/villeurbanne-insoumise-ensemble.fr\/?p=1343"},"modified":"2024-01-16T14:20:57","modified_gmt":"2024-01-16T13:20:57","slug":"une-tarification-pour-un-acces-equitable-aux-services-publics","status":"publish","type":"post","link":"https:\/\/villeurbanne-insoumise-ensemble.fr\/?p=1343","title":{"rendered":"Une tarification pour un acc\u00e8s \u00e9quitable aux services publics !"},"content":{"rendered":"\n<p><em>Par Julien RAVELLO<\/em><\/p>\n\n\n\n<figure class=\"wp-block-embed is-type-video is-provider-youtube wp-block-embed-youtube wp-embed-aspect-16-9 wp-has-aspect-ratio\"><div class=\"wp-block-embed__wrapper\">\n<iframe loading=\"lazy\" title=\"Julien RAVELLO - Une tarification pour un acc\u00e8s \u00e9quitable aux services publics\" width=\"640\" height=\"360\" src=\"https:\/\/www.youtube.com\/embed\/ou8tuDpVEmY?feature=oembed\" frameborder=\"0\" allow=\"accelerometer; autoplay; clipboard-write; encrypted-media; gyroscope; picture-in-picture; web-share\" allowfullscreen><\/iframe>\n<\/div><\/figure>\n\n\n\n<p>L&#8217;un des trois grands principes du service public c\u2019est l&#8217;\u00e9galit\u00e9 : tout le monde doit y avoir acc\u00e8s, payer selon ses moyens et \u00eatre trait\u00e9 de la m\u00eame fa\u00e7on par le service. Alors que les in\u00e9galit\u00e9s \u00e9conomiques ne cessent d&#8217;augmenter depuis 50 ans, et que l&#8217;inflation in\u00e9dite que nous connaissons ne fait que les creuser toujours plus, le service public fait toujours office de rempart contre l&#8217;exclusion et la pauvret\u00e9. Il faut en prendre soin !<\/p>\n\n\n\n<p>La tarification, c&#8217;est donc un levier tr\u00e8s important pour que le service soit accessible \u00e0 tout le monde. Celle que nous voterons ce soir permet de mieux r\u00e9partir l&#8217;effort entre les usagers. Elle \u00e9vite des \u00e9carts injustes entre deux personnes qui ont des moyens financiers similaires, mais qui ne sont pas dans la m\u00eame tranche de revenus. Elle permet donc de mieux r\u00e9partir l&#8217;effort financier. C&#8217;est un premier pas pour rendre plus \u00e9quitable l&#8217;acc\u00e8s des enfants \u00e0 tous les services qui gravitent autour de l&#8217;\u00e9cole gratuite.&nbsp;<\/p>\n\n\n\n<p>Mais l&#8217;\u00e9cole, ce n&#8217;est pas que l&#8217;enseignement devant un ou une professeur\u00b7e ! Apr\u00e8s la progressivit\u00e9, notre id\u00e9al restera toujours la gratuit\u00e9, notamment pour les services de restauration scolaire. La cantine gratuite, ce serait l&#8217;assurance que chaque enfant puisse manger au moins un repas complet et chaud par jour, alors que les prix de l&#8217;alimentation font partie de ceux qui ont le plus augment\u00e9 ces derniers mois. Les services d&#8217;accueil extrascolaires gratuits, ce serait aussi l&#8217;\u00e9galit\u00e9 devant l&#8217;enseignement et les loisirs. Ce sont des moments tr\u00e8s importants pour les enfants, des moments de d\u00e9tente et d&#8217;apprentissage o\u00f9 on peut se faire des copains. Aucune barri\u00e8re financi\u00e8re ne devrait exister pour en b\u00e9n\u00e9ficier ! Et comme pour le service public de l&#8217;\u00e9ducation nationale, cette gratuit\u00e9 devra \u00eatre financ\u00e9e par l&#8217;imp\u00f4t pour que chacun et chacune y participe en fonction de ses moyens.&nbsp;<\/p>\n\n\n\n<p>Nous sommes donc bien s\u00fbr favorables \u00e0 cette d\u00e9lib\u00e9ration que nous voterons, en attendant la g\u00e9n\u00e9ralisation et l&#8217;extension de la gratuit\u00e9 de l&#8217;enseignement public.<\/p>\n","protected":false},"excerpt":{"rendered":"<p>Par Julien RAVELLO L&#8217;un des trois grands principes du service public c\u2019est l&#8217;\u00e9galit\u00e9 : tout le monde doit y avoir acc\u00e8s, payer selon ses moyens et \u00eatre trait\u00e9 de la m\u00eame fa\u00e7on par le service. Alors que les in\u00e9galit\u00e9s \u00e9conomiques ne cessent d&#8217;augmenter depuis 50 ans, et que l&#8217;inflation in\u00e9dite que nous connaissons ne fait&#8230;<\/p>\n","protected":false},"author":1,"featured_media":0,"comment_status":"open","ping_status":"open","sticky":false,"template":"","format":"standard","meta":[],"categories":[190,7],"tags":[77,43],"_links":{"self":[{"href":"https:\/\/villeurbanne-insoumise-ensemble.fr\/index.php?rest_route=\/wp\/v2\/posts\/1343"}],"collection":[{"href":"https:\/\/villeurbanne-insoumise-ensemble.fr\/index.php?rest_route=\/wp\/v2\/posts"}],"about":[{"href":"https:\/\/villeurbanne-insoumise-ensemble.fr\/index.php?rest_route=\/wp\/v2\/types\/post"}],"author":[{"embeddable":true,"href":"https:\/\/villeurbanne-insoumise-ensemble.fr\/index.php?rest_route=\/wp\/v2\/users\/1"}],"replies":[{"embeddable":true,"href":"https:\/\/villeurbanne-insoumise-ensemble.fr\/index.php?rest_route=%2Fwp%2Fv2%2Fcomments&post=1343"}],"version-history":[{"count":1,"href":"https:\/\/villeurbanne-insoumise-ensemble.fr\/index.php?rest_route=\/wp\/v2\/posts\/1343\/revisions"}],"predecessor-version":[{"id":1344,"href":"https:\/\/villeurbanne-insoumise-ensemble.fr\/index.php?rest_route=\/wp\/v2\/posts\/1343\/revisions\/1344"}],"wp:attachment":[{"href":"https:\/\/villeurbanne-insoumise-ensemble.fr\/index.php?rest_route=%2Fwp%2Fv2%2Fmedia&parent=1343"}],"wp:term":[{"taxonomy":"category","embeddable":true,"href":"https:\/\/villeurbanne-insoumise-ensemble.fr\/index.php?rest_route=%2Fwp%2Fv2%2Fcategories&post=1343"},{"taxonomy":"post_tag","embeddable":true,"href":"https:\/\/villeurbanne-insoumise-ensemble.fr\/index.php?rest_route=%2Fwp%2Fv2%2Ftags&post=1343"}],"curies":[{"name":"wp","href":"https:\/\/api.w.org\/{rel}","templated":true}]}}