{"id":1326,"date":"2023-03-20T15:55:39","date_gmt":"2023-03-20T14:55:39","guid":{"rendered":"https:\/\/villeurbanne-insoumise-ensemble.fr\/?p=1326"},"modified":"2024-09-16T16:20:41","modified_gmt":"2024-09-16T14:20:41","slug":"nous-refusons-la-venue-deric-zemmour-a-villeurbanne","status":"publish","type":"post","link":"https:\/\/villeurbanne-insoumise-ensemble.fr\/?p=1326","title":{"rendered":"Nous refusons la venue d&#8217;Eric Zemmour \u00e0 Villeurbanne !"},"content":{"rendered":"\n<figure class=\"wp-block-image size-large\"><img loading=\"lazy\" width=\"724\" height=\"1024\" src=\"https:\/\/villeurbanne-insoumise-ensemble.fr\/wp-content\/uploads\/2023\/03\/CP_Insoumis-et-Ensemble_Nous-refusons-Eric-Zemmour_public-724x1024.png\" alt=\"\" class=\"wp-image-1327\" srcset=\"https:\/\/villeurbanne-insoumise-ensemble.fr\/wp-content\/uploads\/2023\/03\/CP_Insoumis-et-Ensemble_Nous-refusons-Eric-Zemmour_public-724x1024.png 724w, https:\/\/villeurbanne-insoumise-ensemble.fr\/wp-content\/uploads\/2023\/03\/CP_Insoumis-et-Ensemble_Nous-refusons-Eric-Zemmour_public-212x300.png 212w, https:\/\/villeurbanne-insoumise-ensemble.fr\/wp-content\/uploads\/2023\/03\/CP_Insoumis-et-Ensemble_Nous-refusons-Eric-Zemmour_public-768x1086.png 768w, https:\/\/villeurbanne-insoumise-ensemble.fr\/wp-content\/uploads\/2023\/03\/CP_Insoumis-et-Ensemble_Nous-refusons-Eric-Zemmour_public-1086x1536.png 1086w, https:\/\/villeurbanne-insoumise-ensemble.fr\/wp-content\/uploads\/2023\/03\/CP_Insoumis-et-Ensemble_Nous-refusons-Eric-Zemmour_public-1448x2048.png 1448w, https:\/\/villeurbanne-insoumise-ensemble.fr\/wp-content\/uploads\/2023\/03\/CP_Insoumis-et-Ensemble_Nous-refusons-Eric-Zemmour_public-300x424.png 300w, https:\/\/villeurbanne-insoumise-ensemble.fr\/wp-content\/uploads\/2023\/03\/CP_Insoumis-et-Ensemble_Nous-refusons-Eric-Zemmour_public-850x1202.png 850w, https:\/\/villeurbanne-insoumise-ensemble.fr\/wp-content\/uploads\/2023\/03\/CP_Insoumis-et-Ensemble_Nous-refusons-Eric-Zemmour_public.png 1654w\" sizes=\"(max-width: 724px) 100vw, 724px\" \/><\/figure>\n","protected":false},"excerpt":{"rendered":"<p>Nous avons appris avec consternation la pr\u00e9sence d\u2019Eric Zemmour, samedi 25 mars prochain, au CCVA de Villeurbanne \u00e0 l\u2019occasion d\u2019une s\u00e9ance de d\u00e9dicace.<br \/>\nNous refusons que cet homme vienne \u00e0 Villeurbanne pour accro\u00eetre sa notori\u00e9t\u00e9 malsaine. Rappelons qu\u2019Eric Zemmour a d\u00e9j\u00e0 \u00e9t\u00e9 condamn\u00e9 \u00e0 de multiples reprises pour provocation \u00e0 la haine raciale, provocation \u00e0 la haine religieuse, provocation \u00e0 la discrimination raciale.<\/p>\n","protected":false},"author":1,"featured_media":0,"comment_status":"open","ping_status":"open","sticky":false,"template":"","format":"standard","meta":[],"categories":[5,20],"tags":[87],"_links":{"self":[{"href":"https:\/\/villeurbanne-insoumise-ensemble.fr\/index.php?rest_route=\/wp\/v2\/posts\/1326"}],"collection":[{"href":"https:\/\/villeurbanne-insoumise-ensemble.fr\/index.php?rest_route=\/wp\/v2\/posts"}],"about":[{"href":"https:\/\/villeurbanne-insoumise-ensemble.fr\/index.php?rest_route=\/wp\/v2\/types\/post"}],"author":[{"embeddable":true,"href":"https:\/\/villeurbanne-insoumise-ensemble.fr\/index.php?rest_route=\/wp\/v2\/users\/1"}],"replies":[{"embeddable":true,"href":"https:\/\/villeurbanne-insoumise-ensemble.fr\/index.php?rest_route=%2Fwp%2Fv2%2Fcomments&post=1326"}],"version-history":[{"count":2,"href":"https:\/\/villeurbanne-insoumise-ensemble.fr\/index.php?rest_route=\/wp\/v2\/posts\/1326\/revisions"}],"predecessor-version":[{"id":1907,"href":"https:\/\/villeurbanne-insoumise-ensemble.fr\/index.php?rest_route=\/wp\/v2\/posts\/1326\/revisions\/1907"}],"wp:attachment":[{"href":"https:\/\/villeurbanne-insoumise-ensemble.fr\/index.php?rest_route=%2Fwp%2Fv2%2Fmedia&parent=1326"}],"wp:term":[{"taxonomy":"category","embeddable":true,"href":"https:\/\/villeurbanne-insoumise-ensemble.fr\/index.php?rest_route=%2Fwp%2Fv2%2Fcategories&post=1326"},{"taxonomy":"post_tag","embeddable":true,"href":"https:\/\/villeurbanne-insoumise-ensemble.fr\/index.php?rest_route=%2Fwp%2Fv2%2Ftags&post=1326"}],"curies":[{"name":"wp","href":"https:\/\/api.w.org\/{rel}","templated":true}]}}