{"id":1318,"date":"2023-03-07T17:46:00","date_gmt":"2023-03-07T16:46:00","guid":{"rendered":"https:\/\/villeurbanne-insoumise-ensemble.fr\/?p=1318"},"modified":"2023-11-23T11:53:26","modified_gmt":"2023-11-23T10:53:26","slug":"contre-la-contre-reforme-des-retraites-rendez-vous-dans-la-rue","status":"publish","type":"post","link":"https:\/\/villeurbanne-insoumise-ensemble.fr\/?p=1318","title":{"rendered":"Contre la contre-r\u00e9forme des retraites, rendez-vous dans la rue !"},"content":{"rendered":"\n<figure class=\"wp-block-image size-large\"><img loading=\"lazy\" width=\"1024\" height=\"850\" src=\"https:\/\/villeurbanne-insoumise-ensemble.fr\/wp-content\/uploads\/2023\/03\/Manif.-7-mars-2023-1024x850.jpg\" alt=\"\" class=\"wp-image-1319\" srcset=\"https:\/\/villeurbanne-insoumise-ensemble.fr\/wp-content\/uploads\/2023\/03\/Manif.-7-mars-2023-1024x850.jpg 1024w, https:\/\/villeurbanne-insoumise-ensemble.fr\/wp-content\/uploads\/2023\/03\/Manif.-7-mars-2023-300x249.jpg 300w, https:\/\/villeurbanne-insoumise-ensemble.fr\/wp-content\/uploads\/2023\/03\/Manif.-7-mars-2023-768x638.jpg 768w, https:\/\/villeurbanne-insoumise-ensemble.fr\/wp-content\/uploads\/2023\/03\/Manif.-7-mars-2023-1536x1275.jpg 1536w, https:\/\/villeurbanne-insoumise-ensemble.fr\/wp-content\/uploads\/2023\/03\/Manif.-7-mars-2023-850x706.jpg 850w, https:\/\/villeurbanne-insoumise-ensemble.fr\/wp-content\/uploads\/2023\/03\/Manif.-7-mars-2023.jpg 2048w\" sizes=\"(max-width: 1024px) 100vw, 1024px\" \/><\/figure>\n\n\n\n<p>Nous \u00e9tions dans les rues de Lyon le 7 mars pour dire NON \u00e0 la contre-r\u00e9forme des retraites et aux 64 ans.<\/p>\n\n\n\n<p>Rendez-vous le <strong>11 mars \u00e0 14h, place Jean Mac\u00e9<\/strong> et le <strong>mercredi 15 mars \u00e0 13h, Manufacture des tabacs<\/strong>, pour continuer \u00e0 montrer notre opposition \u00e0 cette loi.<\/p>\n\n\n\n<p>64 : s\u00fbrement pas \u00e7a !<br>60 : l&#8217;avenir c&#8217;est \u00e7a !<br>Du temps pour la vie !<\/p>\n","protected":false},"excerpt":{"rendered":"<p>Nous \u00e9tions dans les rues de Lyon le 7 mars pour dire NON \u00e0 la contre-r\u00e9forme des retraites et aux 64 ans. Rendez-vous le 11 mars \u00e0 14h, place Jean Mac\u00e9 et le mercredi 15 mars \u00e0 13h, Manufacture des tabacs, pour continuer \u00e0 montrer notre opposition \u00e0 cette loi. 64 : s\u00fbrement pas \u00e7a&#8230;<\/p>\n","protected":false},"author":1,"featured_media":0,"comment_status":"open","ping_status":"open","sticky":false,"template":"","format":"standard","meta":[],"categories":[5],"tags":[43,180],"_links":{"self":[{"href":"https:\/\/villeurbanne-insoumise-ensemble.fr\/index.php?rest_route=\/wp\/v2\/posts\/1318"}],"collection":[{"href":"https:\/\/villeurbanne-insoumise-ensemble.fr\/index.php?rest_route=\/wp\/v2\/posts"}],"about":[{"href":"https:\/\/villeurbanne-insoumise-ensemble.fr\/index.php?rest_route=\/wp\/v2\/types\/post"}],"author":[{"embeddable":true,"href":"https:\/\/villeurbanne-insoumise-ensemble.fr\/index.php?rest_route=\/wp\/v2\/users\/1"}],"replies":[{"embeddable":true,"href":"https:\/\/villeurbanne-insoumise-ensemble.fr\/index.php?rest_route=%2Fwp%2Fv2%2Fcomments&post=1318"}],"version-history":[{"count":1,"href":"https:\/\/villeurbanne-insoumise-ensemble.fr\/index.php?rest_route=\/wp\/v2\/posts\/1318\/revisions"}],"predecessor-version":[{"id":1320,"href":"https:\/\/villeurbanne-insoumise-ensemble.fr\/index.php?rest_route=\/wp\/v2\/posts\/1318\/revisions\/1320"}],"wp:attachment":[{"href":"https:\/\/villeurbanne-insoumise-ensemble.fr\/index.php?rest_route=%2Fwp%2Fv2%2Fmedia&parent=1318"}],"wp:term":[{"taxonomy":"category","embeddable":true,"href":"https:\/\/villeurbanne-insoumise-ensemble.fr\/index.php?rest_route=%2Fwp%2Fv2%2Fcategories&post=1318"},{"taxonomy":"post_tag","embeddable":true,"href":"https:\/\/villeurbanne-insoumise-ensemble.fr\/index.php?rest_route=%2Fwp%2Fv2%2Ftags&post=1318"}],"curies":[{"name":"wp","href":"https:\/\/api.w.org\/{rel}","templated":true}]}}