{"id":1282,"date":"2023-02-22T11:17:26","date_gmt":"2023-02-22T10:17:26","guid":{"rendered":"http:\/\/villeurbanne-insoumise-ensemble.fr\/?p=1282"},"modified":"2024-01-16T14:21:04","modified_gmt":"2024-01-16T13:21:04","slug":"deux-nouveaux-jardins-partages","status":"publish","type":"post","link":"https:\/\/villeurbanne-insoumise-ensemble.fr\/?p=1282","title":{"rendered":"Deux nouveaux jardins partag\u00e9s !"},"content":{"rendered":"\n<p><em>Par Morgane GUILLAS<\/em><\/p>\n\n\n\n<figure class=\"wp-block-embed is-type-video is-provider-youtube wp-block-embed-youtube wp-embed-aspect-16-9 wp-has-aspect-ratio\"><div class=\"wp-block-embed__wrapper\">\n<iframe loading=\"lazy\" title=\"Morgane GUILLAS - Deux nouveaux jardins partag\u00e9s !\" width=\"640\" height=\"360\" src=\"https:\/\/www.youtube.com\/embed\/H77fx4YAqDo?feature=oembed\" frameborder=\"0\" allow=\"accelerometer; autoplay; clipboard-write; encrypted-media; gyroscope; picture-in-picture; web-share\" allowfullscreen><\/iframe>\n<\/div><\/figure>\n\n\n\n<p>Pour commencer sur ces deux derniers rapports qui concernent la cr\u00e9ation et l\u2019agrandissement de jardins partag\u00e9s. Dans ce mandat, nous nous sommes engag\u00e9s \u00e0 d\u00e9velopper les jardins partag\u00e9s dans la ville de Villeurbanne. Ces espaces permettent de cr\u00e9er des lieux de verdure qui sont productifs avec des fruits, l\u00e9gumes, aromatiques et de fleurs suivant les pr\u00e9f\u00e9rences des habitants. Ils remplissent aussi de nombreux autres objectifs&nbsp;: ce sont des lieux de convivialit\u00e9, de rencontres, ils rafra\u00eechissent la ville, accueillent la biodiversit\u00e9, embellissent la ville et permettent aux gens de ralentir un instant pour prendre le temps d\u2019observer la nature et de la d\u00e9velopper \u00e0 leur \u00e9chelle. C\u2019est pour \u00e7a qu\u2019on les trouve tr\u00e8s int\u00e9ressants.<\/p>\n\n\n\n<p>Ces deux jardins partag\u00e9s que l\u2019on vous pr\u00e9sente ce soir s\u2019inscrivent comme la suite de celui inaugur\u00e9 \u00e0 l\u2019automne dernier \u00e0 c\u00f4t\u00e9 de la place Wilson, le Jardin de Jeanne et nous continuons le travail avec les services pour continuer \u00e0 les r\u00e9partir sur toute la ville en fonction des demandes des groupes d\u2019habitants.&nbsp;<\/p>\n\n\n\n<p><em>Agrandissement du jardin partag\u00e9 des Feuillantines<\/em><\/p>\n\n\n\n<p>Pour rentrer plus dans le d\u00e9tail de la d\u00e9lib\u00e9ration sur la route de Genas&nbsp;: cette d\u00e9lib\u00e9ration concerne l\u2019agrandissement du jardin partag\u00e9 des Feuillantines, qui existe depuis plusieurs ann\u00e9es, et la cr\u00e9ation d\u2019un espace p\u00e9dagogique de biodiversit\u00e9.<\/p>\n\n\n\n<p>Une enqu\u00eate men\u00e9e par le conseil de quartier a permis de montrer les envies des habitants des environs et des adh\u00e9rents du jardin des Feuillantines, qui ont ce besoin d\u2019extension pour pouvoir produire plus mais aussi pour accueillir de nouveaux b\u00e9n\u00e9voles. Ils sont un petit peu \u00e0 l\u2019\u00e9troit dans leur premier jardin.<\/p>\n\n\n\n<p>Ce projet d\u2019am\u00e9nagement de la parcelle 350 permet d\u2019agrandir leur jardin de 425 m\u00b2 et de cr\u00e9er un espace p\u00e9dagogique autour de la biodiversit\u00e9 qui fera 855 m\u00b2. Soit un total de 1&nbsp;280 m\u00b2 qui vont ainsi \u00eatre am\u00e9nag\u00e9s pour accueillir divers publics.<\/p>\n\n\n\n<p>L\u2019espace d\u2019agrandissement du jardin des Feuillantines va permettre d\u2019ajouter du mobilier pour les jardiniers mais aussi des \u00e9quipements plus utiles pour la biodiversit\u00e9 comme une mare, de nombreux v\u00e9g\u00e9taux, le compl\u00e9ment d\u2019une cl\u00f4ture. Cette parcelle \u00e9tant pollu\u00e9e en partie, il y aura aussi des travaux de d\u00e9pollution du sol et un chemin d\u2019acc\u00e8s aux diff\u00e9rents endroits du jardin. Cet agrandissement va ouvrir la possibilit\u00e9 \u00e0 de nouveaux jardiniers. Donc n\u2019h\u00e9sitez pas si vous en entendez parler autour de vous, si des habitants ont des envies \u00e0 ce niveau-l\u00e0, il reste de la place dans ce jardin partag\u00e9 l\u00e0, vous pouvez vous rapprocher de l\u2019association.<\/p>\n\n\n\n<p>La 2<sup>\u00e8me<\/sup> partie de ce terrain va \u00eatre am\u00e9nag\u00e9 en espace naturel. Il va \u00eatre confi\u00e9 \u00e0 l\u2019association France Nature Environnement avec qui la ville a d\u00e9j\u00e0 de nombreux partenariats. Cet espace sera anim\u00e9 et utilis\u00e9 par la FNE mais aussi par le conseil de quartier Ferrandi\u00e8re Maison Neuves et par diff\u00e9rentes structures voisines, d\u2019autres \u00e9quipements publics aussi, comme la cr\u00e8che, le p\u00e9riscolaire et les \u00e9coles de proximit\u00e9. La proposition d\u2019activit\u00e9 de la FNE sur la biodiversit\u00e9 sur cet espace rejoint dans ce cadre des propositions qui sont inscrites au plan d\u2019\u00e9ducation du territoire.<\/p>\n\n\n\n<p>D\u2019autres associations partenaires vont aider \u00e0 la cr\u00e9ation de ce lieu comme le Passe Jardin et Des Esp\u00e8ces Parmis Lyon, pour accompagner les habitants. Les habitants pourront ainsi dans ce quartier avoir acc\u00e8s \u00e0 un espace naturel et promoteur de biodiversit\u00e9 en pleine ville, ce qui permettra d\u2019observer le d\u00e9ploiement de la nature en ville et y d\u00e9couvrir ou red\u00e9couvrir tous ses bienfaits.<\/p>\n\n\n\n<p>La d\u00e9lib\u00e9ration porte sur une aide demand\u00e9e \u00e0 la m\u00e9tropole de Lyon \u00e0 hauteur de 26&nbsp;000 \u20ac pour un budget de 65&nbsp;000 \u20ac d\u2019am\u00e9nagement.<\/p>\n\n\n\n<p><em>Cr\u00e9ation et am\u00e9nagement du jardin Bonneterre<\/em><\/p>\n\n\n\n<p>Le deuxi\u00e8me rapport concerne la cr\u00e9ation et l\u2019am\u00e9nagement d\u2019un nouveau jardin partag\u00e9 qui est le jardin partag\u00e9 Bonneterre, qui se situe \u00e0 l\u2019angle du cours Tolsto\u00ef et de la rue Bonneterre.<\/p>\n\n\n\n<p>Ce jardin partag\u00e9 est beaucoup plus petit que le pr\u00e9c\u00e9dent d\u2019o\u00f9 son surnom de \u00ab&nbsp;jardin de poche&nbsp;\u00bb, avec une surface de 260 m\u00b2. Il est tr\u00e8s visible depuis la rue, ce qui, nous l\u2019esp\u00e9rons, pourra attirer d\u2019autres habitants \u00e0 rejoindre le premier groupe de jardiniers qui s\u2019est constitu\u00e9 <em>via<\/em> un groupe d\u2019une dizaine d\u2019habitants motiv\u00e9s par ce projet et qui \u00e9taient pr\u00e9alablement investis dans la gestion de leur compostage partag\u00e9 aupr\u00e8s de&nbsp; la MJC.<\/p>\n\n\n\n<p>Suite aux \u00e9changes avec ces habitants, plusieurs propositions de sc\u00e9narios leur ont \u00e9t\u00e9 faites et c\u2019est l\u2019am\u00e9nagement avec le plus de surface \u00e0 cultiver qui a remport\u00e9 l\u2019adh\u00e9sion des jardiniers. Il y aura donc 160 m\u00b2 cultivables, ce qui permet de maximiser les productions. Le budget pr\u00e9vu pour ces travaux est de 160&nbsp;000 \u20ac ce qui permet l\u2019am\u00e9nagement de leur cabane de rangement des outils, d\u2019un espace de convivialit\u00e9, de la cl\u00f4ture du site, de l\u2019ajout de terre v\u00e9g\u00e9talis\u00e9e car c\u2019\u00e9tait un espace qui \u00e9tait en stabilis\u00e9 au pr\u00e9alable donc le sol est \u00e0 retravailler enti\u00e8rement. Il y aura aussi une fontaine d\u2019eau potable, les financements permettront aussi de financer l\u2019analyse de pollution des sols, le montage de jardini\u00e8res, la plantation d\u2019un grand arbre et d\u2019une haie fruiti\u00e8re tout autour du jardin qui sera cl\u00f4tur\u00e9 aussi.<\/p>\n\n\n\n<p>La bonne nouvelle r\u00e9cente est que le terrain autant pollu\u00e9 que ce que l\u2019on imaginait. C\u2019est une bonne nouvelle parce que peut-\u00eatre qu\u2019on pourra avoir des travaux un petit peu moins chers pour permettre d\u2019obtenir une agradation de ces sols et aux r\u00e9coltes d\u2019\u00eatre consomm\u00e9es plus rapidement. L\u2019autre bonne nouvelle c\u2019est la motivation du collectif et l\u2019accompagnement du Passe Jardin, de la MJC sur ce projet et bien s\u00fbr celui des services que je salue.<\/p>\n\n\n\n<p>Comme pour le jardin pr\u00e9c\u00e9dent, n\u2019h\u00e9sitez pas si vous entendez dans ce quartier l\u00e0 des habitants qui recherchent un jardin partag\u00e9 \u00e0 aller les rejoindre, ils attendent de nouveaux bras.<\/p>\n","protected":false},"excerpt":{"rendered":"<p>Par Morgane GUILLAS Pour commencer sur ces deux derniers rapports qui concernent la cr\u00e9ation et l\u2019agrandissement de jardins partag\u00e9s. Dans ce mandat, nous nous sommes engag\u00e9s \u00e0 d\u00e9velopper les jardins partag\u00e9s dans la ville de Villeurbanne. Ces espaces permettent de cr\u00e9er des lieux de verdure qui sont productifs avec des fruits, l\u00e9gumes, aromatiques et de&#8230;<\/p>\n","protected":false},"author":1,"featured_media":0,"comment_status":"open","ping_status":"open","sticky":false,"template":"","format":"standard","meta":[],"categories":[190,7],"tags":[181],"_links":{"self":[{"href":"https:\/\/villeurbanne-insoumise-ensemble.fr\/index.php?rest_route=\/wp\/v2\/posts\/1282"}],"collection":[{"href":"https:\/\/villeurbanne-insoumise-ensemble.fr\/index.php?rest_route=\/wp\/v2\/posts"}],"about":[{"href":"https:\/\/villeurbanne-insoumise-ensemble.fr\/index.php?rest_route=\/wp\/v2\/types\/post"}],"author":[{"embeddable":true,"href":"https:\/\/villeurbanne-insoumise-ensemble.fr\/index.php?rest_route=\/wp\/v2\/users\/1"}],"replies":[{"embeddable":true,"href":"https:\/\/villeurbanne-insoumise-ensemble.fr\/index.php?rest_route=%2Fwp%2Fv2%2Fcomments&post=1282"}],"version-history":[{"count":1,"href":"https:\/\/villeurbanne-insoumise-ensemble.fr\/index.php?rest_route=\/wp\/v2\/posts\/1282\/revisions"}],"predecessor-version":[{"id":1283,"href":"https:\/\/villeurbanne-insoumise-ensemble.fr\/index.php?rest_route=\/wp\/v2\/posts\/1282\/revisions\/1283"}],"wp:attachment":[{"href":"https:\/\/villeurbanne-insoumise-ensemble.fr\/index.php?rest_route=%2Fwp%2Fv2%2Fmedia&parent=1282"}],"wp:term":[{"taxonomy":"category","embeddable":true,"href":"https:\/\/villeurbanne-insoumise-ensemble.fr\/index.php?rest_route=%2Fwp%2Fv2%2Fcategories&post=1282"},{"taxonomy":"post_tag","embeddable":true,"href":"https:\/\/villeurbanne-insoumise-ensemble.fr\/index.php?rest_route=%2Fwp%2Fv2%2Ftags&post=1282"}],"curies":[{"name":"wp","href":"https:\/\/api.w.org\/{rel}","templated":true}]}}